{"id":112567,"date":"2026-04-26T09:14:00","date_gmt":"2026-04-26T07:14:00","guid":{"rendered":"https:\/\/www.siracusa2000.com\/?p=112567"},"modified":"2026-04-24T17:14:21","modified_gmt":"2026-04-24T15:14:21","slug":"carlentini-l8-maggio-prima-tappa-del-festival-degli-aquiloni-manifestazione-itinerante","status":"publish","type":"post","link":"https:\/\/www.siracusa2000.com\/index.php\/2026\/04\/26\/carlentini-l8-maggio-prima-tappa-del-festival-degli-aquiloni-manifestazione-itinerante\/","title":{"rendered":"Carlentini. L&#8217;8 maggio prima tappa del Festival degli Aquiloni, manifestazione itinerante"},"content":{"rendered":"\n<figure class=\"wp-block-image size-full\"><img loading=\"lazy\" decoding=\"async\" width=\"887\" height=\"591\" src=\"https:\/\/www.siracusa2000.com\/wp-content\/uploads\/2026\/04\/aquiloni.jpg\" alt=\"\" class=\"wp-image-112568\" srcset=\"https:\/\/www.siracusa2000.com\/wp-content\/uploads\/2026\/04\/aquiloni.jpg 887w, https:\/\/www.siracusa2000.com\/wp-content\/uploads\/2026\/04\/aquiloni-300x200.jpg 300w, https:\/\/www.siracusa2000.com\/wp-content\/uploads\/2026\/04\/aquiloni-768x512.jpg 768w\" sizes=\"auto, (max-width: 887px) 100vw, 887px\" \/><\/figure>\n\n\n\n<p>Dopo il successo, in termini di presenze ed impatto mediatico, delle tre edizioni precedenti torna, dall\u20198 al 24 maggio e dal 24 al 30 settembre, &nbsp;il<strong> \u201cFestival degli Aquiloni. Multicultura, in gioco!<\/strong>\u201d Si tratta di un evento di sensibilizzazione itinerante organizzato dalla <strong>Iblea Servizi Territoriali Soc. Coop. Sociale<\/strong>, nell\u2019ambito dei progetti territoriali della <strong>Rete S.A.I. <\/strong>Le 8 tappe, divise in due tranche, toccheranno tre province.<\/p>\n\n\n\n<p>Prima tappa del Festival sar\u00e0 <strong>piazza Sant\u2019Anna<\/strong>, l\u20198 maggio a <strong>Carlentini<\/strong>, a seguire, \u00a0piazza Immacolata ( 22 maggio) a San Gregorio di Catania, piazza Marconi ( 28 maggio) a Catenanuova; piazza Duomo ( 29 maggio) a Centuripe, stadio comunale \u201cS. Proto\u201d (24 settembre) a Troina, stadio comunale ( 25 settembre) a Leonforte, piazza Umberto I (29 settembre) a Calascibetta, campo di atletica \u201cT. Pregadio\u201d, il 30 settembre a Enna.<\/p>\n\n\n\n<p>Ciascuna location diventer\u00e0 uno spazio multicolore dove risalteranno le bandiere della pace, cucite direttamente dai beneficiari in accoglienza SAI, le centinaia di aquiloni che spiccheranno il volo, tra cui anche quelli realizzati dalle scuole con messaggi da \u201clanciare\u201d in alto e le opere create dagli studenti. In occasione della tappa di apertura a <strong>Carlentini<\/strong>, l\u20198 maggio, sar\u00e0 anche &#8220;svelato&#8221; un murale realizzato appositamente per l&#8217;evento dall\u2019artista e creative designer <strong>Harry Greb, <\/strong>attivista romanole cui opere visive e grafiche uniscono arte urbana e impegno sociale.<\/p>\n\n\n\n<p>La manifestazione coinvolger\u00e0 8 citt\u00e0, oltre 7000 bambini e ragazzi, pi\u00f9 di 800 tra operatori sociali, scolastici e volontari.<\/p>\n\n\n\n<p><em>(foto: archivio)<\/em><\/p>\n\n\n\n<p class=\"has-text-align-right\"><em>\u00a9 Riproduzione riservata<\/em><\/p>\n\n\n<div class=\"wp-block-image\">\n<figure class=\"aligncenter size-full\"><img loading=\"lazy\" decoding=\"async\" width=\"579\" height=\"197\" src=\"https:\/\/www.siracusa2000.com\/wp-content\/uploads\/2022\/10\/bug-spazio-italia.gif\" alt=\"\" class=\"wp-image-73464\"\/><\/figure><\/div>\n\n\n<p><\/p>\n","protected":false},"excerpt":{"rendered":"<p>Dopo il successo, in termini di presenze ed impatto mediatico, delle tre edizioni precedenti torna, dall\u20198 al 24 maggio e dal 24 al 30 settembre, &nbsp;il \u201cFestival degli Aquiloni. Multicultura, in gioco!\u201d Si tratta di un evento di sensibilizzazione itinerante <a href=\"https:\/\/www.siracusa2000.com\/index.php\/2026\/04\/26\/carlentini-l8-maggio-prima-tappa-del-festival-degli-aquiloni-manifestazione-itinerante\/\" class=\"read-more\">Leggi Tutto &#8230;<\/a><\/p>\n","protected":false},"author":1,"featured_media":112568,"comment_status":"closed","ping_status":"closed","sticky":false,"template":"","format":"standard","meta":{"footnotes":""},"categories":[8],"tags":[],"class_list":["post-112567","post","type-post","status-publish","format-standard","has-post-thumbnail","hentry","category-provincia"],"_links":{"self":[{"href":"https:\/\/www.siracusa2000.com\/index.php\/wp-json\/wp\/v2\/posts\/112567","targetHints":{"allow":["GET"]}}],"collection":[{"href":"https:\/\/www.siracusa2000.com\/index.php\/wp-json\/wp\/v2\/posts"}],"about":[{"href":"https:\/\/www.siracusa2000.com\/index.php\/wp-json\/wp\/v2\/types\/post"}],"author":[{"embeddable":true,"href":"https:\/\/www.siracusa2000.com\/index.php\/wp-json\/wp\/v2\/users\/1"}],"replies":[{"embeddable":true,"href":"https:\/\/www.siracusa2000.com\/index.php\/wp-json\/wp\/v2\/comments?post=112567"}],"version-history":[{"count":2,"href":"https:\/\/www.siracusa2000.com\/index.php\/wp-json\/wp\/v2\/posts\/112567\/revisions"}],"predecessor-version":[{"id":112570,"href":"https:\/\/www.siracusa2000.com\/index.php\/wp-json\/wp\/v2\/posts\/112567\/revisions\/112570"}],"wp:featuredmedia":[{"embeddable":true,"href":"https:\/\/www.siracusa2000.com\/index.php\/wp-json\/wp\/v2\/media\/112568"}],"wp:attachment":[{"href":"https:\/\/www.siracusa2000.com\/index.php\/wp-json\/wp\/v2\/media?parent=112567"}],"wp:term":[{"taxonomy":"category","embeddable":true,"href":"https:\/\/www.siracusa2000.com\/index.php\/wp-json\/wp\/v2\/categories?post=112567"},{"taxonomy":"post_tag","embeddable":true,"href":"https:\/\/www.siracusa2000.com\/index.php\/wp-json\/wp\/v2\/tags?post=112567"}],"curies":[{"name":"wp","href":"https:\/\/api.w.org\/{rel}","templated":true}]}}