{"id":112624,"date":"2026-04-27T05:47:00","date_gmt":"2026-04-27T03:47:00","guid":{"rendered":"https:\/\/www.siracusa2000.com\/?p=112624"},"modified":"2026-04-26T15:48:40","modified_gmt":"2026-04-26T13:48:40","slug":"maratona-dei-sindaci-della-protezione-civile-menzione-speciale-per-il-comune-di-riposto","status":"publish","type":"post","link":"https:\/\/www.siracusa2000.com\/index.php\/2026\/04\/27\/maratona-dei-sindaci-della-protezione-civile-menzione-speciale-per-il-comune-di-riposto\/","title":{"rendered":"\u00a0Maratona dei Sindaci della Protezione Civile. Menzione speciale per il Comune di Riposto"},"content":{"rendered":"\n<figure class=\"wp-block-image size-full\"><img loading=\"lazy\" decoding=\"async\" width=\"994\" height=\"657\" src=\"https:\/\/www.siracusa2000.com\/wp-content\/uploads\/2026\/04\/screenshot-10.png\" alt=\"\" class=\"wp-image-112625\" srcset=\"https:\/\/www.siracusa2000.com\/wp-content\/uploads\/2026\/04\/screenshot-10.png 994w, https:\/\/www.siracusa2000.com\/wp-content\/uploads\/2026\/04\/screenshot-10-300x198.png 300w, https:\/\/www.siracusa2000.com\/wp-content\/uploads\/2026\/04\/screenshot-10-768x508.png 768w\" sizes=\"auto, (max-width: 994px) 100vw, 994px\" \/><\/figure>\n\n\n\n<p>&#8220;Questo riconoscimento appartiene all&#8217;intera comunit\u00e0 di <strong>Riposto<\/strong>. Resilienza \u00e8 una parola che sento profondamente, perch\u00e9 non significa soltanto resistere agli urti, ma avere la capacit\u00e0 di rialzarsi, adattarsi e ripartire pi\u00f9 forti dopo ogni difficolt\u00e0. Ed \u00e8 esattamente quello che <strong>Riposto<\/strong> ha dimostrato nei momenti pi\u00f9 duri, come durante la mareggiata del 2025 e il successivo evento del <strong>Ciclone Harry\u201d.<\/strong><\/p>\n\n\n\n<p>Lo ha detto il <strong>sindaco di Riposto, Davide Vasta<\/strong>, partecipando alla terza <strong>Maratona dei Sindaci dei Comuni Virtuosi in Protezione Civile, <\/strong>dove il <strong>Comune di Riposto<\/strong> ha ricevuto una&nbsp;menzione speciale per la Resilienza.<\/p>\n\n\n\n<p><em>(foto: la consegna del riconoscimento)<\/em><\/p>\n\n\n\n<p class=\"has-text-align-right\"><em>\u00a9 Riproduzione riservata<\/em><\/p>\n\n\n\n<figure class=\"wp-block-image size-full\"><img loading=\"lazy\" decoding=\"async\" width=\"1018\" height=\"457\" src=\"https:\/\/www.siracusa2000.com\/wp-content\/uploads\/2025\/12\/bug-3-minuti-con-la-parola.jpg\" alt=\"\" class=\"wp-image-108614\" srcset=\"https:\/\/www.siracusa2000.com\/wp-content\/uploads\/2025\/12\/bug-3-minuti-con-la-parola.jpg 1018w, https:\/\/www.siracusa2000.com\/wp-content\/uploads\/2025\/12\/bug-3-minuti-con-la-parola-300x135.jpg 300w, https:\/\/www.siracusa2000.com\/wp-content\/uploads\/2025\/12\/bug-3-minuti-con-la-parola-768x345.jpg 768w\" sizes=\"auto, (max-width: 1018px) 100vw, 1018px\" \/><\/figure>\n\n\n\n<p><\/p>\n","protected":false},"excerpt":{"rendered":"<p>&#8220;Questo riconoscimento appartiene all&#8217;intera comunit\u00e0 di Riposto. Resilienza \u00e8 una parola che sento profondamente, perch\u00e9 non significa soltanto resistere agli urti, ma avere la capacit\u00e0 di rialzarsi, adattarsi e ripartire pi\u00f9 forti dopo ogni difficolt\u00e0. Ed \u00e8 esattamente quello che <a href=\"https:\/\/www.siracusa2000.com\/index.php\/2026\/04\/27\/maratona-dei-sindaci-della-protezione-civile-menzione-speciale-per-il-comune-di-riposto\/\" class=\"read-more\">Leggi Tutto &#8230;<\/a><\/p>\n","protected":false},"author":1,"featured_media":112625,"comment_status":"closed","ping_status":"closed","sticky":false,"template":"","format":"standard","meta":{"footnotes":""},"categories":[9],"tags":[],"class_list":["post-112624","post","type-post","status-publish","format-standard","has-post-thumbnail","hentry","category-fuori-provincia"],"_links":{"self":[{"href":"https:\/\/www.siracusa2000.com\/index.php\/wp-json\/wp\/v2\/posts\/112624","targetHints":{"allow":["GET"]}}],"collection":[{"href":"https:\/\/www.siracusa2000.com\/index.php\/wp-json\/wp\/v2\/posts"}],"about":[{"href":"https:\/\/www.siracusa2000.com\/index.php\/wp-json\/wp\/v2\/types\/post"}],"author":[{"embeddable":true,"href":"https:\/\/www.siracusa2000.com\/index.php\/wp-json\/wp\/v2\/users\/1"}],"replies":[{"embeddable":true,"href":"https:\/\/www.siracusa2000.com\/index.php\/wp-json\/wp\/v2\/comments?post=112624"}],"version-history":[{"count":1,"href":"https:\/\/www.siracusa2000.com\/index.php\/wp-json\/wp\/v2\/posts\/112624\/revisions"}],"predecessor-version":[{"id":112626,"href":"https:\/\/www.siracusa2000.com\/index.php\/wp-json\/wp\/v2\/posts\/112624\/revisions\/112626"}],"wp:featuredmedia":[{"embeddable":true,"href":"https:\/\/www.siracusa2000.com\/index.php\/wp-json\/wp\/v2\/media\/112625"}],"wp:attachment":[{"href":"https:\/\/www.siracusa2000.com\/index.php\/wp-json\/wp\/v2\/media?parent=112624"}],"wp:term":[{"taxonomy":"category","embeddable":true,"href":"https:\/\/www.siracusa2000.com\/index.php\/wp-json\/wp\/v2\/categories?post=112624"},{"taxonomy":"post_tag","embeddable":true,"href":"https:\/\/www.siracusa2000.com\/index.php\/wp-json\/wp\/v2\/tags?post=112624"}],"curies":[{"name":"wp","href":"https:\/\/api.w.org\/{rel}","templated":true}]}}