{"id":112631,"date":"2026-04-26T16:23:29","date_gmt":"2026-04-26T14:23:29","guid":{"rendered":"https:\/\/www.siracusa2000.com\/?p=112631"},"modified":"2026-04-26T16:23:30","modified_gmt":"2026-04-26T14:23:30","slug":"siracusa-festa-del-patrocinio-di-santa-lucia-le-reliquie-accolte-in-basilica-alla-borgata","status":"publish","type":"post","link":"https:\/\/www.siracusa2000.com\/index.php\/2026\/04\/26\/siracusa-festa-del-patrocinio-di-santa-lucia-le-reliquie-accolte-in-basilica-alla-borgata\/","title":{"rendered":"Siracusa. Festa del Patrocinio di Santa Lucia, le reliquie accolte in Basilica alla Borgata"},"content":{"rendered":"\n<figure class=\"wp-block-image size-large\"><img loading=\"lazy\" decoding=\"async\" width=\"1024\" height=\"595\" src=\"https:\/\/www.siracusa2000.com\/wp-content\/uploads\/2026\/04\/uno-1024x595.jpg\" alt=\"\" class=\"wp-image-112632\" srcset=\"https:\/\/www.siracusa2000.com\/wp-content\/uploads\/2026\/04\/uno-1024x595.jpg 1024w, https:\/\/www.siracusa2000.com\/wp-content\/uploads\/2026\/04\/uno-300x174.jpg 300w, https:\/\/www.siracusa2000.com\/wp-content\/uploads\/2026\/04\/uno-768x446.jpg 768w, https:\/\/www.siracusa2000.com\/wp-content\/uploads\/2026\/04\/uno.jpg 1144w\" sizes=\"auto, (max-width: 1024px) 100vw, 1024px\" \/><\/figure>\n\n\n\n<p>Portate da due fedeli, foulard verdi, e scortate dai <strong>Vigili del fuoco<\/strong>, le <strong>reliquie di Santa Lucia<\/strong> sono arrivate, questa mattina, nella <strong>Basilica di Santa Lucia al sepolcro<\/strong>, in <strong>Borgata<\/strong>, accolte dal <strong>rettore, fra\u2019 Daniele Cugnata.<\/strong><\/p>\n\n\n\n<p>Si \u00e8 trattato dell\u2019atto formale, che ha segnato l\u2019inizio ufficiale della 381.ma <strong>Festa del Patrocinio,<\/strong> che entrer\u00e0 nel vivo sabato prossimo con l\u2019apertura della Nicchia e la traslazione del simulacro nell\u2019altare maggiore della Chiesa Cattedrale.<\/p>\n\n\n\n<p>&#8220;Oggi\u201d \u2013 ha detto <strong>fra\u2019 Daniele<\/strong> \u2013 \u201cstiamo celebrando la festa del Cristo Risorto attraverso gli occhi di Lucia. La Festa del Patrocinio\u201d \u2013 ha ricordato \u2013 \u201c\u00e8 importante come memoria della bont\u00e0 del Signore che non dimentica mai il suo popolo ed il segno concreto \u00e8 l&#8217;intercessione di <strong>Santa Lucia\u201d.<\/strong><\/p>\n\n\n\n<figure class=\"wp-block-image size-large\"><img loading=\"lazy\" decoding=\"async\" width=\"1024\" height=\"634\" src=\"https:\/\/www.siracusa2000.com\/wp-content\/uploads\/2026\/04\/due-1024x634.jpg\" alt=\"\" class=\"wp-image-112633\" srcset=\"https:\/\/www.siracusa2000.com\/wp-content\/uploads\/2026\/04\/due-1024x634.jpg 1024w, https:\/\/www.siracusa2000.com\/wp-content\/uploads\/2026\/04\/due-300x186.jpg 300w, https:\/\/www.siracusa2000.com\/wp-content\/uploads\/2026\/04\/due-768x475.jpg 768w, https:\/\/www.siracusa2000.com\/wp-content\/uploads\/2026\/04\/due.jpg 1191w\" sizes=\"auto, (max-width: 1024px) 100vw, 1024px\" \/><\/figure>\n\n\n\n<p>Questa sera alle 19, nella Basilica in Borgata, \u00e8 in programma un concerto della <strong>Schola Cantorum della Basilica Santuario Madonna delle Lacrime, <\/strong>diretta dal maestro <strong>Giulio Mirto.<\/strong><\/p>\n\n\n\n<p><em>(foto: due momenti dell\u2019arrivo delle reliquie di Santa Lucia)<\/em><\/p>\n\n\n\n<p class=\"has-text-align-right\">&nbsp;<em>\u00a9 Riproduzione riservata<\/em><\/p>\n\n\n\n<figure class=\"wp-block-image size-full\"><img loading=\"lazy\" decoding=\"async\" width=\"919\" height=\"187\" src=\"https:\/\/www.siracusa2000.com\/wp-content\/uploads\/2019\/11\/dillo-a-sr2000-1.jpg\" alt=\"\" class=\"wp-image-34197\" srcset=\"https:\/\/www.siracusa2000.com\/wp-content\/uploads\/2019\/11\/dillo-a-sr2000-1.jpg 919w, https:\/\/www.siracusa2000.com\/wp-content\/uploads\/2019\/11\/dillo-a-sr2000-1-300x61.jpg 300w, https:\/\/www.siracusa2000.com\/wp-content\/uploads\/2019\/11\/dillo-a-sr2000-1-768x156.jpg 768w\" sizes=\"auto, (max-width: 919px) 100vw, 919px\" \/><\/figure>\n","protected":false},"excerpt":{"rendered":"<p>Portate da due fedeli, foulard verdi, e scortate dai Vigili del fuoco, le reliquie di Santa Lucia sono arrivate, questa mattina, nella Basilica di Santa Lucia al sepolcro, in Borgata, accolte dal rettore, fra\u2019 Daniele Cugnata. Si \u00e8 trattato dell\u2019atto <a href=\"https:\/\/www.siracusa2000.com\/index.php\/2026\/04\/26\/siracusa-festa-del-patrocinio-di-santa-lucia-le-reliquie-accolte-in-basilica-alla-borgata\/\" class=\"read-more\">Leggi Tutto &#8230;<\/a><\/p>\n","protected":false},"author":1,"featured_media":112632,"comment_status":"closed","ping_status":"closed","sticky":false,"template":"","format":"standard","meta":{"footnotes":""},"categories":[7],"tags":[],"class_list":["post-112631","post","type-post","status-publish","format-standard","has-post-thumbnail","hentry","category-citta"],"_links":{"self":[{"href":"https:\/\/www.siracusa2000.com\/index.php\/wp-json\/wp\/v2\/posts\/112631","targetHints":{"allow":["GET"]}}],"collection":[{"href":"https:\/\/www.siracusa2000.com\/index.php\/wp-json\/wp\/v2\/posts"}],"about":[{"href":"https:\/\/www.siracusa2000.com\/index.php\/wp-json\/wp\/v2\/types\/post"}],"author":[{"embeddable":true,"href":"https:\/\/www.siracusa2000.com\/index.php\/wp-json\/wp\/v2\/users\/1"}],"replies":[{"embeddable":true,"href":"https:\/\/www.siracusa2000.com\/index.php\/wp-json\/wp\/v2\/comments?post=112631"}],"version-history":[{"count":1,"href":"https:\/\/www.siracusa2000.com\/index.php\/wp-json\/wp\/v2\/posts\/112631\/revisions"}],"predecessor-version":[{"id":112634,"href":"https:\/\/www.siracusa2000.com\/index.php\/wp-json\/wp\/v2\/posts\/112631\/revisions\/112634"}],"wp:featuredmedia":[{"embeddable":true,"href":"https:\/\/www.siracusa2000.com\/index.php\/wp-json\/wp\/v2\/media\/112632"}],"wp:attachment":[{"href":"https:\/\/www.siracusa2000.com\/index.php\/wp-json\/wp\/v2\/media?parent=112631"}],"wp:term":[{"taxonomy":"category","embeddable":true,"href":"https:\/\/www.siracusa2000.com\/index.php\/wp-json\/wp\/v2\/categories?post=112631"},{"taxonomy":"post_tag","embeddable":true,"href":"https:\/\/www.siracusa2000.com\/index.php\/wp-json\/wp\/v2\/tags?post=112631"}],"curies":[{"name":"wp","href":"https:\/\/api.w.org\/{rel}","templated":true}]}}