{"id":116295,"date":"2026-09-03T08:04:00","date_gmt":"2026-09-03T06:04:00","guid":{"rendered":"https:\/\/www.siracusa2000.com\/?p=116295"},"modified":"2026-09-02T15:06:36","modified_gmt":"2026-09-02T13:06:36","slug":"riceviamo-e-pubblichiamo-messaggio-al-siracusa-in-vista-del-campionato-di-serie-d","status":"publish","type":"post","link":"https:\/\/www.siracusa2000.com\/index.php\/2026\/09\/03\/riceviamo-e-pubblichiamo-messaggio-al-siracusa-in-vista-del-campionato-di-serie-d\/","title":{"rendered":"Riceviamo e pubblichiamo. Messaggio al Siracusa in vista del campionato di serie D"},"content":{"rendered":"\n<figure class=\"wp-block-image size-full\"><img loading=\"lazy\" decoding=\"async\" width=\"899\" height=\"550\" src=\"https:\/\/www.siracusa2000.com\/wp-content\/uploads\/2026\/09\/rep.jpg\" alt=\"\" class=\"wp-image-116296\" srcset=\"https:\/\/www.siracusa2000.com\/wp-content\/uploads\/2026\/09\/rep.jpg 899w, https:\/\/www.siracusa2000.com\/wp-content\/uploads\/2026\/09\/rep-300x184.jpg 300w, https:\/\/www.siracusa2000.com\/wp-content\/uploads\/2026\/09\/rep-768x470.jpg 768w\" sizes=\"auto, (max-width: 899px) 100vw, 899px\" \/><\/figure>\n\n\n\n<p><strong><em>Ecco il messaggio che voglio rivolgere al Siracusa calcio, nell&#8217;imminente avventura del campionato di serie D che aprir\u00e0 i battenti domenica 6 settembre e che vede la squadra azzurra esordire al De Simone contro l\u2019Athletic Club Palermo.<br>&#8220;La delusione per come si \u00e8 conclusa la scorsa stagione \u00e8 una ferita, per me, ancora aperta e, ritengo, per molti tifosi azzurri, ma il legame con la maglia resta indissolubile e l&#8217;amore per questa maglia non si cancella&#8221;. &#8220;Forza Leoni\u201d, io vi seguir\u00f2 da casa perch\u00e8 quest&#8217;anno, per mia scelta, giusta o sbagliata che sia, non sar\u00f2 sui gradoni del De Simone, ma il mio cuore resta azzurro&#8221;.<br>Tanti sostenitori aretusei sostengono che Il passato \u00e8 passato e adesso conta solo il presente e che bisogna trasformare la delusione di ieri nella rabbia vincente di oggi perch\u00e8 inizia una nuova battaglia e i sogni debbono continuare.<br>&#8220;Ferito ma sempre innamorato, auguro buona fortuna al mio Siracusa per l&#8217;inizio e il continuo del campionato.<br>Chapeau a tutti i tifosi azzurri che saranno presenti sugli spalti dentro e fuori le mura amiche del De Simone e che sosterranno, moralmente e materialmente la squadra azzurra.<br>D\u2019altronde, onore, orgoglio e appartenenza ai colori sociali sono sempre stati i valori fondamentali della tifoseria azzurra e non sono mai mancati.<br>Con l\u2019occasione Voglio ricordare a tutti gli sportivi e tifosi siracusani, un grande amico e grande tifoso aretuseo.<br>Roberto Giuffrida presidente dell&#8217;associazione Amici di Siracusa. Scomparso nel 2021.<br>Tutti noi tifosi aretusei dovremmo prendere esempio da lui. Mai una parola di troppo, sempre misurato e puntuale nelle sue considerazioni ed esternazioni sul Siracusa calcio, grande organizzatore di trasferte e promotore di convegni e dibattiti sul Siracusa calcio. Io lo ricordo sempre con grande affetto ed emozione.<br>. Da lass\u00f9, sicuramente, non si perde una sola partita del suo Siracusa in qualunque categoria partecipi. Forza Siracusa. (Giuseppe Scandurra)<\/em><\/strong><\/p>\n\n\n\n<p class=\"has-text-align-right\"><em>\u00a9 Riproduzione riservata<\/em><\/p>\n\n\n\n<figure class=\"wp-block-image size-full\"><img loading=\"lazy\" decoding=\"async\" width=\"919\" height=\"128\" src=\"https:\/\/www.siracusa2000.com\/wp-content\/uploads\/2019\/09\/dillo-a-sr2000-4.jpg\" alt=\"\" class=\"wp-image-32209\" srcset=\"https:\/\/www.siracusa2000.com\/wp-content\/uploads\/2019\/09\/dillo-a-sr2000-4.jpg 919w, https:\/\/www.siracusa2000.com\/wp-content\/uploads\/2019\/09\/dillo-a-sr2000-4-300x42.jpg 300w, https:\/\/www.siracusa2000.com\/wp-content\/uploads\/2019\/09\/dillo-a-sr2000-4-768x107.jpg 768w\" sizes=\"auto, (max-width: 919px) 100vw, 919px\" \/><\/figure>\n\n\n\n<p><\/p>\n","protected":false},"excerpt":{"rendered":"<p>Ecco il messaggio che voglio rivolgere al Siracusa calcio, nell&#8217;imminente avventura del campionato di serie D che aprir\u00e0 i battenti domenica 6 settembre e che vede la squadra azzurra esordire al De Simone contro l\u2019Athletic Club Palermo.&#8220;La delusione per come <a href=\"https:\/\/www.siracusa2000.com\/index.php\/2026\/09\/03\/riceviamo-e-pubblichiamo-messaggio-al-siracusa-in-vista-del-campionato-di-serie-d\/\" class=\"read-more\">Leggi Tutto &#8230;<\/a><\/p>\n","protected":false},"author":1,"featured_media":116296,"comment_status":"closed","ping_status":"closed","sticky":false,"template":"","format":"standard","meta":{"footnotes":""},"categories":[12],"tags":[],"class_list":["post-116295","post","type-post","status-publish","format-standard","has-post-thumbnail","hentry","category-sport"],"_links":{"self":[{"href":"https:\/\/www.siracusa2000.com\/index.php\/wp-json\/wp\/v2\/posts\/116295","targetHints":{"allow":["GET"]}}],"collection":[{"href":"https:\/\/www.siracusa2000.com\/index.php\/wp-json\/wp\/v2\/posts"}],"about":[{"href":"https:\/\/www.siracusa2000.com\/index.php\/wp-json\/wp\/v2\/types\/post"}],"author":[{"embeddable":true,"href":"https:\/\/www.siracusa2000.com\/index.php\/wp-json\/wp\/v2\/users\/1"}],"replies":[{"embeddable":true,"href":"https:\/\/www.siracusa2000.com\/index.php\/wp-json\/wp\/v2\/comments?post=116295"}],"version-history":[{"count":1,"href":"https:\/\/www.siracusa2000.com\/index.php\/wp-json\/wp\/v2\/posts\/116295\/revisions"}],"predecessor-version":[{"id":116297,"href":"https:\/\/www.siracusa2000.com\/index.php\/wp-json\/wp\/v2\/posts\/116295\/revisions\/116297"}],"wp:featuredmedia":[{"embeddable":true,"href":"https:\/\/www.siracusa2000.com\/index.php\/wp-json\/wp\/v2\/media\/116296"}],"wp:attachment":[{"href":"https:\/\/www.siracusa2000.com\/index.php\/wp-json\/wp\/v2\/media?parent=116295"}],"wp:term":[{"taxonomy":"category","embeddable":true,"href":"https:\/\/www.siracusa2000.com\/index.php\/wp-json\/wp\/v2\/categories?post=116295"},{"taxonomy":"post_tag","embeddable":true,"href":"https:\/\/www.siracusa2000.com\/index.php\/wp-json\/wp\/v2\/tags?post=116295"}],"curies":[{"name":"wp","href":"https:\/\/api.w.org\/{rel}","templated":true}]}}