{"id":116310,"date":"2026-09-03T11:36:42","date_gmt":"2026-09-03T09:36:42","guid":{"rendered":"https:\/\/www.siracusa2000.com\/?p=116310"},"modified":"2026-09-03T11:36:42","modified_gmt":"2026-09-03T09:36:42","slug":"vittoria-parte-la-protesta-del-sindaco-aiello-per-una-sanita-efficiente-accessibile-ed-adeguata","status":"publish","type":"post","link":"https:\/\/www.siracusa2000.com\/index.php\/2026\/09\/03\/vittoria-parte-la-protesta-del-sindaco-aiello-per-una-sanita-efficiente-accessibile-ed-adeguata\/","title":{"rendered":"Vittoria. Parte la protesta del sindaco Aiello per una sanit\u00e0 efficiente, accessibile ed adeguata"},"content":{"rendered":"\n<p>\u201cOgni comune metta in campo una propria iniziativa a difesa del diritto alla salute\u201d. E\u2019 l\u2019appello che il <strong>sindaco di Vittoria, Francesco Aiello,<\/strong> lancia a tutti i sindaci della <strong>Sicilia<\/strong>, invitandoli ad unirsi alla sua protesta che parte oggi, per chiedere una sanit\u00e0 efficiente, efficace, accessibile e adeguata ai bisogni dei territori.<\/p>\n\n\n\n<figure class=\"wp-block-image size-full\"><img loading=\"lazy\" decoding=\"async\" width=\"835\" height=\"567\" src=\"https:\/\/www.siracusa2000.com\/wp-content\/uploads\/2026\/09\/aiello.jpg\" alt=\"\" class=\"wp-image-116311\" srcset=\"https:\/\/www.siracusa2000.com\/wp-content\/uploads\/2026\/09\/aiello.jpg 835w, https:\/\/www.siracusa2000.com\/wp-content\/uploads\/2026\/09\/aiello-300x204.jpg 300w, https:\/\/www.siracusa2000.com\/wp-content\/uploads\/2026\/09\/aiello-768x522.jpg 768w\" sizes=\"auto, (max-width: 835px) 100vw, 835px\" \/><\/figure>\n\n\n\n<p><strong>Aiello<\/strong> chiede a ogni primo cittadino di mettere in campo, nel proprio Comune, una iniziativa a tutela della sanit\u00e0 e del diritto alla salute, organizzando pres\u00ecdi, incontri con i cittadini, assemblee pubbliche, momenti di confronto con gli operatori sanitari o altre forme di mobilitazione ritenute pi\u00f9 opportune.<\/p>\n\n\n\n<p>L\u2019obiettivo \u00e8 costruire una mobilitazione regionale che parta dai territori e coinvolga contemporaneamente Comuni diversi, perch\u00e9 le criticit\u00e0 della sanit\u00e0 non sono un problema esclusivamente locale.<\/p>\n\n\n\n<p>La mobilitazione del <strong>Comune di Vittoria<\/strong> prender\u00e0 oggi alle 18,  da Scoglitti, con un presidio davanti alla <strong>Guardia Medica <\/strong>e<strong>, <\/strong>successivamente, si sposter\u00e0 all\u2019<strong>Ospedale \u201cGuzzardi\u201d<\/strong>. <\/p>\n\n\n\n<p>Domani, alle ore 11, \u00e8 prevista un\u2019iniziativa simbolica presso la <strong>Casa di Comunit\u00e0 di via dell\u2019Acate<\/strong>, seguita dal presidio al <strong>\u201cGuzzardi\u201d.<\/strong><\/p>\n\n\n\n<p>Sabato 5 settembre, ultimo giorno della mobilitazione, ancora un presidio all\u2019<strong>Ospedale \u201cGuzzardi\u201d<\/strong> fino alle 19, quando il <strong>sindaco Aiello<\/strong> terr\u00e0 un pubblico discorso.<\/p>\n\n\n\n<p><em>(foto: il sindaco di Vittoria, F. Aiello)<\/em><\/p>\n\n\n\n<p class=\"has-text-align-right\"><em>\u00a9 Riproduzione riservata<\/em><\/p>\n\n\n\n<figure class=\"wp-block-image size-large\"><img loading=\"lazy\" decoding=\"async\" width=\"1024\" height=\"538\" src=\"https:\/\/www.siracusa2000.com\/wp-content\/uploads\/2026\/05\/banner-weekend-1024x538.jpg\" alt=\"\" class=\"wp-image-113479\" srcset=\"https:\/\/www.siracusa2000.com\/wp-content\/uploads\/2026\/05\/banner-weekend-1024x538.jpg 1024w, https:\/\/www.siracusa2000.com\/wp-content\/uploads\/2026\/05\/banner-weekend-300x158.jpg 300w, https:\/\/www.siracusa2000.com\/wp-content\/uploads\/2026\/05\/banner-weekend-768x403.jpg 768w, https:\/\/www.siracusa2000.com\/wp-content\/uploads\/2026\/05\/banner-weekend.jpg 1203w\" sizes=\"auto, (max-width: 1024px) 100vw, 1024px\" \/><\/figure>\n","protected":false},"excerpt":{"rendered":"<p>\u201cOgni comune metta in campo una propria iniziativa a difesa del diritto alla salute\u201d. E\u2019 l\u2019appello che il sindaco di Vittoria, Francesco Aiello, lancia a tutti i sindaci della Sicilia, invitandoli ad unirsi alla sua protesta che parte oggi, per <a href=\"https:\/\/www.siracusa2000.com\/index.php\/2026\/09\/03\/vittoria-parte-la-protesta-del-sindaco-aiello-per-una-sanita-efficiente-accessibile-ed-adeguata\/\" class=\"read-more\">Leggi Tutto &#8230;<\/a><\/p>\n","protected":false},"author":1,"featured_media":116311,"comment_status":"closed","ping_status":"closed","sticky":false,"template":"","format":"standard","meta":{"footnotes":""},"categories":[9],"tags":[],"class_list":["post-116310","post","type-post","status-publish","format-standard","has-post-thumbnail","hentry","category-fuori-provincia"],"_links":{"self":[{"href":"https:\/\/www.siracusa2000.com\/index.php\/wp-json\/wp\/v2\/posts\/116310","targetHints":{"allow":["GET"]}}],"collection":[{"href":"https:\/\/www.siracusa2000.com\/index.php\/wp-json\/wp\/v2\/posts"}],"about":[{"href":"https:\/\/www.siracusa2000.com\/index.php\/wp-json\/wp\/v2\/types\/post"}],"author":[{"embeddable":true,"href":"https:\/\/www.siracusa2000.com\/index.php\/wp-json\/wp\/v2\/users\/1"}],"replies":[{"embeddable":true,"href":"https:\/\/www.siracusa2000.com\/index.php\/wp-json\/wp\/v2\/comments?post=116310"}],"version-history":[{"count":1,"href":"https:\/\/www.siracusa2000.com\/index.php\/wp-json\/wp\/v2\/posts\/116310\/revisions"}],"predecessor-version":[{"id":116312,"href":"https:\/\/www.siracusa2000.com\/index.php\/wp-json\/wp\/v2\/posts\/116310\/revisions\/116312"}],"wp:featuredmedia":[{"embeddable":true,"href":"https:\/\/www.siracusa2000.com\/index.php\/wp-json\/wp\/v2\/media\/116311"}],"wp:attachment":[{"href":"https:\/\/www.siracusa2000.com\/index.php\/wp-json\/wp\/v2\/media?parent=116310"}],"wp:term":[{"taxonomy":"category","embeddable":true,"href":"https:\/\/www.siracusa2000.com\/index.php\/wp-json\/wp\/v2\/categories?post=116310"},{"taxonomy":"post_tag","embeddable":true,"href":"https:\/\/www.siracusa2000.com\/index.php\/wp-json\/wp\/v2\/tags?post=116310"}],"curies":[{"name":"wp","href":"https:\/\/api.w.org\/{rel}","templated":true}]}}