{"id":26327,"date":"2019-02-23T11:09:52","date_gmt":"2019-02-23T10:09:52","guid":{"rendered":"http:\/\/www.siracusa2000.com\/?p=26327"},"modified":"2019-02-22T13:11:10","modified_gmt":"2019-02-22T12:11:10","slug":"delegazione-di-siciliani-verso-la-costituente-a-tunisi-verso-collaborazione-col-mabda-libico","status":"publish","type":"post","link":"https:\/\/www.siracusa2000.com\/index.php\/2019\/02\/23\/delegazione-di-siciliani-verso-la-costituente-a-tunisi-verso-collaborazione-col-mabda-libico\/","title":{"rendered":"Delegazione di \u201cSiciliani verso la Costituente\u201d a Tunisi. Verso collaborazione col Mabda libico"},"content":{"rendered":"<p><strong><img loading=\"lazy\" decoding=\"async\" class=\"alignnone size-full wp-image-26328\" src=\"https:\/\/www.siracusa2000.com\/wp-content\/uploads\/2019\/02\/fleres.jpg\" alt=\"\" width=\"744\" height=\"419\" srcset=\"https:\/\/www.siracusa2000.com\/wp-content\/uploads\/2019\/02\/fleres.jpg 744w, https:\/\/www.siracusa2000.com\/wp-content\/uploads\/2019\/02\/fleres-300x169.jpg 300w\" sizes=\"auto, (max-width: 744px) 100vw, 744px\" \/><\/strong><\/p>\n<p><strong>Salvo Fleres,<\/strong> coordinatore del movimento politico <strong>&#8220;Siciliani verso la Costituente&#8221;<\/strong>, accompagnato da esponenti politici, imprenditori e parlamentari, sar\u00e0 domani\u00a0 a Tunisi per incontrare il<strong> prof. Eshehumi \u00a0Salam del\u00a0 Civil Social Democratic Movement \u2013 Mabda. <\/strong>L&#8217;idea \u00e8 quella di dare vita ad un rapporto di collaborazione tra i due movimenti, rivolta a verificare cosa sia possibile fare per aiutare la Libia ad uscire dal dramma attuale. L\u2019incontro, che si terr\u00e0 all\u2019Albuhaira Residenz Eqamat Al Saad, rappresenta una tappa importante nella evoluzione del rapporto tra Mabda e il Movimento sicilianista, dopo la lettera aperta al Ministro Moavero, seguita da interrogazioni parlamentari, con la quale <strong>l&#8217;on. Salvatore Grillo<\/strong>, tra i fondatori di &#8220;Siciliani verso la Costituente&#8221;, \u00a0ha attaccato la scelta di non invitare Mabda alla Conferenza di pace per la Libia che si \u00e8 tenuta a Palermo. Successivamente Grillo ha incontrato, a Roma, il Presidente dell&#8217;associazione dei Libici nel mondo, <strong>prof. Mohammed Elflit, <\/strong>aderente a Mabda e in quell&#8217;occasione \u00a0sono stati concordati i punti di una collaborazione che pu\u00f2 contribuire alla crescita della credibilit\u00e0 di Mabda e aumentarne la probabilit\u00e0 di divenire protagonista nella pacificazione interna, anche in quanto forza estranea ai cosiddetti signori della guerra. Una volta &#8220;scoppiata la pace&#8221;, in una Libia libera e democratica, Mabda potr\u00e0, infatti, diventare il riferimento per una stagione di collaborazione con l&#8217;Italia e, soprattutto, con la <strong>Sicilia. <\/strong><\/p>\n<p><em>(foto: Salvo Fleres, coordinatore del movimento \u201cSiciliani verso la Costituente)<\/em><\/p>\n","protected":false},"excerpt":{"rendered":"<p>Salvo Fleres, coordinatore del movimento politico &#8220;Siciliani verso la Costituente&#8221;, accompagnato da esponenti politici, imprenditori e parlamentari, sar\u00e0 domani\u00a0 a Tunisi per incontrare il prof. Eshehumi \u00a0Salam del\u00a0 Civil Social Democratic Movement \u2013 Mabda. L&#8217;idea \u00e8 quella di dare vita <a href=\"https:\/\/www.siracusa2000.com\/index.php\/2019\/02\/23\/delegazione-di-siciliani-verso-la-costituente-a-tunisi-verso-collaborazione-col-mabda-libico\/\" class=\"read-more\">Leggi Tutto &#8230;<\/a><\/p>\n","protected":false},"author":1,"featured_media":26328,"comment_status":"closed","ping_status":"closed","sticky":true,"template":"","format":"standard","meta":{"footnotes":""},"categories":[10],"tags":[],"class_list":["post-26327","post","type-post","status-publish","format-standard","has-post-thumbnail","hentry","category-politica"],"_links":{"self":[{"href":"https:\/\/www.siracusa2000.com\/index.php\/wp-json\/wp\/v2\/posts\/26327","targetHints":{"allow":["GET"]}}],"collection":[{"href":"https:\/\/www.siracusa2000.com\/index.php\/wp-json\/wp\/v2\/posts"}],"about":[{"href":"https:\/\/www.siracusa2000.com\/index.php\/wp-json\/wp\/v2\/types\/post"}],"author":[{"embeddable":true,"href":"https:\/\/www.siracusa2000.com\/index.php\/wp-json\/wp\/v2\/users\/1"}],"replies":[{"embeddable":true,"href":"https:\/\/www.siracusa2000.com\/index.php\/wp-json\/wp\/v2\/comments?post=26327"}],"version-history":[{"count":1,"href":"https:\/\/www.siracusa2000.com\/index.php\/wp-json\/wp\/v2\/posts\/26327\/revisions"}],"predecessor-version":[{"id":26329,"href":"https:\/\/www.siracusa2000.com\/index.php\/wp-json\/wp\/v2\/posts\/26327\/revisions\/26329"}],"wp:featuredmedia":[{"embeddable":true,"href":"https:\/\/www.siracusa2000.com\/index.php\/wp-json\/wp\/v2\/media\/26328"}],"wp:attachment":[{"href":"https:\/\/www.siracusa2000.com\/index.php\/wp-json\/wp\/v2\/media?parent=26327"}],"wp:term":[{"taxonomy":"category","embeddable":true,"href":"https:\/\/www.siracusa2000.com\/index.php\/wp-json\/wp\/v2\/categories?post=26327"},{"taxonomy":"post_tag","embeddable":true,"href":"https:\/\/www.siracusa2000.com\/index.php\/wp-json\/wp\/v2\/tags?post=26327"}],"curies":[{"name":"wp","href":"https:\/\/api.w.org\/{rel}","templated":true}]}}