{"id":26411,"date":"2019-02-25T09:19:46","date_gmt":"2019-02-25T08:19:46","guid":{"rendered":"http:\/\/www.siracusa2000.com\/?p=26411"},"modified":"2019-02-25T09:19:46","modified_gmt":"2019-02-25T08:19:46","slug":"emergenza-meteo-finito-il-week-end-da-incubo-purtroppo-non-si-e-trattato-di-un-film","status":"publish","type":"post","link":"https:\/\/www.siracusa2000.com\/index.php\/2019\/02\/25\/emergenza-meteo-finito-il-week-end-da-incubo-purtroppo-non-si-e-trattato-di-un-film\/","title":{"rendered":"Emergenza meteo, finito il &#8220;week-end da incubo&#8221; &#8230; purtroppo non si \u00e8 trattato di un film!"},"content":{"rendered":"<p><img loading=\"lazy\" decoding=\"async\" class=\"alignnone size-full wp-image-26412\" src=\"https:\/\/www.siracusa2000.com\/wp-content\/uploads\/2019\/02\/maltempo-1.jpg\" alt=\"\" width=\"816\" height=\"517\" srcset=\"https:\/\/www.siracusa2000.com\/wp-content\/uploads\/2019\/02\/maltempo-1.jpg 816w, https:\/\/www.siracusa2000.com\/wp-content\/uploads\/2019\/02\/maltempo-1-300x190.jpg 300w, https:\/\/www.siracusa2000.com\/wp-content\/uploads\/2019\/02\/maltempo-1-768x487.jpg 768w\" sizes=\"auto, (max-width: 816px) 100vw, 816px\" \/><\/p>\n<p>Ancora un po\u2019 di pazienza poi, nell\u2019arco della giornata, questa straordinaria e violenta ondata di maltempo che ha flagellato il sudest della Sicilia, svanir\u00e0 per lasciare il posto a condizioni meteo pi\u00f9 miti e soleggiate. Intanto, per\u00f2, \u00e8 iniziata la conta dei danni e parecchie ferite non saranno certo rimarginate dall\u2019oggi al domani. Ne sa qualcosa, per esempio, chi si \u00e8 ritrovato con l\u2019automobile, magari acquistata da poche settimane, completamente distrutta da un albero o da un cartellone pubblicitario, gli agricoltori che hanno visto le loro serre volare via trascinate dal vento, o gli imprenditori \u00a0ai quali la furia di \u201cEolo\u201d ha scoperchiato capannoni e distrutto magazzini e \u00a0macchinari. Paradossalmente, nella sfortuna siamo stati fortunati perch\u00e9,quantomeno, non abbiamo sacrificato vite umane come \u00e8, purtroppo, accaduto nel catanese. Danni e disagi a 360 gradi che hanno coinvolto anche gli impianti Enel, con molte zone di Siracusa, si guardi a via Giuseppe Reale (al Bosco Minniti) e strade limitrofe, a via Sicilia e ad alcuni condomini di viale Tisia rimaste per l\u2019intera giornata di ieri senza energia elettrica. Problemi anche nella distribuzione dirica che, a causa del maltempo e dei black-out elettrici, ha subito rallentamenti in alcuni quartieri. \u201cUn week-end da incubo\u201d, \u00a0come si potrebbe intitolare un ipotetico film che qualche ipotetico regista potrebbe pensare di girare, che per Siracusa\u00a0 e la sua provincia, sar\u00e0 difficile cancellare anche perch\u00e9 un\u2019azienda distrutta non si ricostruisce in 24 ore. Ci vogliono risorse straordinarie di cui un privato imprenditore non pu\u00f2 disporre, almeno nell\u2019immediato; sono necessari interventi legislativi seri, concreti ed urgenti. Adesso comincer\u00e0 il solito carosello mediatico, tutti, da destra a sinistra, annunceranno il \u201cproprio personale impegno in sede parlamentare&#8221;, tutti invocheranno lo stato di calamit\u00e0 poi, per\u00f2, se andiamo a guardare i giornali ci accorgiamo, per esempio, che per il risarcimento danni della nevicata della notte di san Silvestro 2014, a parte i fiumi di parole, gli annunci, le rassicurazioni,\u00a0in concreto, qualche euro \u00e8 cominciato ad arrivare appena da una decina di mesi! Vogliamo credere, comunque, che le cose, adesso, sono cambiate, che il vento \u00e8 cambiato (oops, non parliamo pi\u00f9 di vento per favore!) e ci appelliamo al buonsenso della politica, affinch\u00e8 faccia valere nelle sedi opportune l\u2019interesse della nostra provincia e dei nostri imprenditori. In verit\u00e0, per\u00f2, il nostro appello \u00e8 rivolto soprattutto al Padreterno, affinch\u00e8 ci risparmi in futuro ulteriori nuove esperienze come quella vissuta in queste ultime 48 ore!<\/p>\n<p><em>(foto: alcune immagini del maltempo, pubblicate sui social network)<\/em><\/p>\n","protected":false},"excerpt":{"rendered":"<p>Ancora un po\u2019 di pazienza poi, nell\u2019arco della giornata, questa straordinaria e violenta ondata di maltempo che ha flagellato il sudest della Sicilia, svanir\u00e0 per lasciare il posto a condizioni meteo pi\u00f9 miti e soleggiate. Intanto, per\u00f2, \u00e8 iniziata la <a href=\"https:\/\/www.siracusa2000.com\/index.php\/2019\/02\/25\/emergenza-meteo-finito-il-week-end-da-incubo-purtroppo-non-si-e-trattato-di-un-film\/\" class=\"read-more\">Leggi Tutto &#8230;<\/a><\/p>\n","protected":false},"author":1,"featured_media":26412,"comment_status":"closed","ping_status":"closed","sticky":true,"template":"","format":"standard","meta":{"footnotes":""},"categories":[8],"tags":[],"class_list":["post-26411","post","type-post","status-publish","format-standard","has-post-thumbnail","hentry","category-provincia"],"_links":{"self":[{"href":"https:\/\/www.siracusa2000.com\/index.php\/wp-json\/wp\/v2\/posts\/26411","targetHints":{"allow":["GET"]}}],"collection":[{"href":"https:\/\/www.siracusa2000.com\/index.php\/wp-json\/wp\/v2\/posts"}],"about":[{"href":"https:\/\/www.siracusa2000.com\/index.php\/wp-json\/wp\/v2\/types\/post"}],"author":[{"embeddable":true,"href":"https:\/\/www.siracusa2000.com\/index.php\/wp-json\/wp\/v2\/users\/1"}],"replies":[{"embeddable":true,"href":"https:\/\/www.siracusa2000.com\/index.php\/wp-json\/wp\/v2\/comments?post=26411"}],"version-history":[{"count":1,"href":"https:\/\/www.siracusa2000.com\/index.php\/wp-json\/wp\/v2\/posts\/26411\/revisions"}],"predecessor-version":[{"id":26413,"href":"https:\/\/www.siracusa2000.com\/index.php\/wp-json\/wp\/v2\/posts\/26411\/revisions\/26413"}],"wp:featuredmedia":[{"embeddable":true,"href":"https:\/\/www.siracusa2000.com\/index.php\/wp-json\/wp\/v2\/media\/26412"}],"wp:attachment":[{"href":"https:\/\/www.siracusa2000.com\/index.php\/wp-json\/wp\/v2\/media?parent=26411"}],"wp:term":[{"taxonomy":"category","embeddable":true,"href":"https:\/\/www.siracusa2000.com\/index.php\/wp-json\/wp\/v2\/categories?post=26411"},{"taxonomy":"post_tag","embeddable":true,"href":"https:\/\/www.siracusa2000.com\/index.php\/wp-json\/wp\/v2\/tags?post=26411"}],"curies":[{"name":"wp","href":"https:\/\/api.w.org\/{rel}","templated":true}]}}