{"id":26426,"date":"2019-02-26T03:43:23","date_gmt":"2019-02-26T02:43:23","guid":{"rendered":"http:\/\/www.siracusa2000.com\/?p=26426"},"modified":"2019-02-25T20:48:43","modified_gmt":"2019-02-25T19:48:43","slug":"emegenza-meteo-m5s-pronto-a-sostenere-la-richiesta-dello-stato-di-calamita-naturale","status":"publish","type":"post","link":"https:\/\/www.siracusa2000.com\/index.php\/2019\/02\/26\/emegenza-meteo-m5s-pronto-a-sostenere-la-richiesta-dello-stato-di-calamita-naturale\/","title":{"rendered":"Emergenza meteo, M5S pronto a sostenere la richiesta dello stato di calamit\u00e0 naturale"},"content":{"rendered":"<p><img loading=\"lazy\" decoding=\"async\" class=\"alignnone size-full wp-image-26427\" src=\"https:\/\/www.siracusa2000.com\/wp-content\/uploads\/2019\/02\/albero-via-pachino.jpg\" alt=\"\" width=\"684\" height=\"528\" srcset=\"https:\/\/www.siracusa2000.com\/wp-content\/uploads\/2019\/02\/albero-via-pachino.jpg 684w, https:\/\/www.siracusa2000.com\/wp-content\/uploads\/2019\/02\/albero-via-pachino-300x232.jpg 300w\" sizes=\"auto, (max-width: 684px) 100vw, 684px\" \/><\/p>\n<p>\u201cStiamo compiendo diversi sopralluoghi nei territori colpiti e sosterremo in Regione ed al Governo centrale le richieste della provincia di Siracusa\u201d. E\u2019 l\u2019impegno dei parlamentari del M5S, Paolo Ficara, Filippo Scerra, Maria Marzana, Pino Pisani, Stefano Zito e Giorgio Pasqua, che si dichiarano pronti ad affiancare le Istituzioni locali nella richiesta del riconoscimento dello stato di calamit\u00e0 naturale. &#8220;Nessuno sar\u00e0 lasciato da solo\u201d dichiarano, convinti che solo il lavoro sinergico, a difesa di tutte le componenti del nostro territorio, potr\u00e0 portare ad un miglioramento della situazione. I parlamentari pentastellati sono in continuo contatto con la Prefettura e con i sindaci dei Comuni colpiti dall\u2019eccezionale ondata di maltempo dello scorso fine settimana e confermano la volont\u00e0 di sostenere, ciascuno per il proprio ruolo, \u201cla giusta richiesta di supporto e assistenza avanzata da tutti quei settori colpiti e gravemente danneggiati dall&#8217;eccezionale maltempo: attivit\u00e0 commerciali, aziende agricole e ortofrutticole, privati\u201d. Continuano, intanto, i sopralluoghi dei Vigili Urbani in tutti i quartieri della citt\u00e0, per monitorare e mettere in sicurezza le situazioni di criticit\u00e0 segnalate dai cittadini. Ieri sera, in via Pachino, \u00e8 stato rimosso un grosso pino abbattuto dal vento, che ha tenuto per due giorni col fiato sospeso i condomini di uno stabile. Sul posto sono intervenuti i Vigili del Fuoco con l\u2019autoscala, i volontari della Protezione civile e gli agenti della Polizia Municipale. L\u2019albero \u00e8 stato sezionato, caricato sui mezzi e portato via. Oggi, cos\u00ec come disposto dal sindaco Francesco Italia, le scuole della citt\u00e0 rimarranno ancora chiuse, in modo da consentire ai tecnici di completare i sopralluoghi in tutti gli edifici.<\/p>\n<p><em>(foto: l\u2019albero di via Pachino rimosso da Vigili del Fuoco e volontari della Protezione civile)<\/em><\/p>\n","protected":false},"excerpt":{"rendered":"<p>\u201cStiamo compiendo diversi sopralluoghi nei territori colpiti e sosterremo in Regione ed al Governo centrale le richieste della provincia di Siracusa\u201d. E\u2019 l\u2019impegno dei parlamentari del M5S, Paolo Ficara, Filippo Scerra, Maria Marzana, Pino Pisani, Stefano Zito e Giorgio Pasqua, <a href=\"https:\/\/www.siracusa2000.com\/index.php\/2019\/02\/26\/emegenza-meteo-m5s-pronto-a-sostenere-la-richiesta-dello-stato-di-calamita-naturale\/\" class=\"read-more\">Leggi Tutto &#8230;<\/a><\/p>\n","protected":false},"author":1,"featured_media":26427,"comment_status":"closed","ping_status":"closed","sticky":true,"template":"","format":"standard","meta":{"footnotes":""},"categories":[8],"tags":[],"class_list":["post-26426","post","type-post","status-publish","format-standard","has-post-thumbnail","hentry","category-provincia"],"_links":{"self":[{"href":"https:\/\/www.siracusa2000.com\/index.php\/wp-json\/wp\/v2\/posts\/26426","targetHints":{"allow":["GET"]}}],"collection":[{"href":"https:\/\/www.siracusa2000.com\/index.php\/wp-json\/wp\/v2\/posts"}],"about":[{"href":"https:\/\/www.siracusa2000.com\/index.php\/wp-json\/wp\/v2\/types\/post"}],"author":[{"embeddable":true,"href":"https:\/\/www.siracusa2000.com\/index.php\/wp-json\/wp\/v2\/users\/1"}],"replies":[{"embeddable":true,"href":"https:\/\/www.siracusa2000.com\/index.php\/wp-json\/wp\/v2\/comments?post=26426"}],"version-history":[{"count":2,"href":"https:\/\/www.siracusa2000.com\/index.php\/wp-json\/wp\/v2\/posts\/26426\/revisions"}],"predecessor-version":[{"id":26429,"href":"https:\/\/www.siracusa2000.com\/index.php\/wp-json\/wp\/v2\/posts\/26426\/revisions\/26429"}],"wp:featuredmedia":[{"embeddable":true,"href":"https:\/\/www.siracusa2000.com\/index.php\/wp-json\/wp\/v2\/media\/26427"}],"wp:attachment":[{"href":"https:\/\/www.siracusa2000.com\/index.php\/wp-json\/wp\/v2\/media?parent=26426"}],"wp:term":[{"taxonomy":"category","embeddable":true,"href":"https:\/\/www.siracusa2000.com\/index.php\/wp-json\/wp\/v2\/categories?post=26426"},{"taxonomy":"post_tag","embeddable":true,"href":"https:\/\/www.siracusa2000.com\/index.php\/wp-json\/wp\/v2\/tags?post=26426"}],"curies":[{"name":"wp","href":"https:\/\/api.w.org\/{rel}","templated":true}]}}