{"id":26565,"date":"2019-03-02T17:49:38","date_gmt":"2019-03-02T16:49:38","guid":{"rendered":"http:\/\/www.siracusa2000.com\/?p=26565"},"modified":"2019-03-02T17:49:38","modified_gmt":"2019-03-02T16:49:38","slug":"calcio-buon-compleanno-capitan-crippa-e-per-regalo-la-maglia-azzurra-numero-70","status":"publish","type":"post","link":"https:\/\/www.siracusa2000.com\/index.php\/2019\/03\/02\/calcio-buon-compleanno-capitan-crippa-e-per-regalo-la-maglia-azzurra-numero-70\/","title":{"rendered":"Calcio, buon compleanno &#8220;capitan Crippa&#8221;. E per regalo la maglia azzurra numero 70!"},"content":{"rendered":"<p><img loading=\"lazy\" decoding=\"async\" class=\"alignnone size-full wp-image-26566\" src=\"https:\/\/www.siracusa2000.com\/wp-content\/uploads\/2019\/03\/crippa.png\" alt=\"\" width=\"752\" height=\"459\" srcset=\"https:\/\/www.siracusa2000.com\/wp-content\/uploads\/2019\/03\/crippa.png 752w, https:\/\/www.siracusa2000.com\/wp-content\/uploads\/2019\/03\/crippa-300x183.png 300w\" sizes=\"auto, (max-width: 752px) 100vw, 752px\" \/><\/p>\n<p>Una maglia azzurra con il numero \u201c70\u201d. E\u2019 l\u2019omaggio che il <strong>centro sportivo RG<\/strong> ha voluto rendere ad <strong>Amedeo Crippa<\/strong>, storico capitano del Siracusa, che ha raggiunto l\u2019et\u00e0 di 70 anni. Originario di Milano, \u201c<strong>capitan Crippa<\/strong>\u201d approda 21enne in azzurro, per giocare in serie D dove, nella stagione 1970\/71, il Siracusa si rende protagonista dello storico spareggio con la <strong>Cantieri Navali Palermo<\/strong> deciso dalla monetina, che decreta la promozione dei \u201cleoni\u201d in terza serie. \u00a0E la maglia azzurra con il numero \u201c3\u201d Amedeo Crippa la indosser\u00e0 a lungo, <strong>disputando oltre 450 partite<\/strong>, comprese quelle della storica stagione 1978\/79, che vide la promozione del Siracusa in serie C1 e la conquista della Coppa Italia semiprofessionisti, con la vittoria sulla Biellese per 1-0. Una vita dedicata allo sport quella di \u201ccapitan Crippa\u201d che, dopo il ritiro, rimane nella societ\u00e0 di via dello Stadio in qualit\u00e0 di dirigente accompagnatore fino al 1995, anno in cui la societ\u00e0 fallisce. Con il <strong>presidente Salvoldi<\/strong> \u201ccapitan Crippa\u201d torna nel Siracusa e vi rimane fino al 2012. Attualmente ricopre la carica di dirigente nella societ\u00e0 RG.<\/p>\n<p><em>(foto: la festa al Centro Sporivo RG \u2013 immagine da Facebook. A destra Crippa con la Coppa Italia \u2013 repertorio internet)<\/em><\/p>\n","protected":false},"excerpt":{"rendered":"<p>Una maglia azzurra con il numero \u201c70\u201d. E\u2019 l\u2019omaggio che il centro sportivo RG ha voluto rendere ad Amedeo Crippa, storico capitano del Siracusa, che ha raggiunto l\u2019et\u00e0 di 70 anni. Originario di Milano, \u201ccapitan Crippa\u201d approda 21enne in azzurro, <a href=\"https:\/\/www.siracusa2000.com\/index.php\/2019\/03\/02\/calcio-buon-compleanno-capitan-crippa-e-per-regalo-la-maglia-azzurra-numero-70\/\" class=\"read-more\">Leggi Tutto &#8230;<\/a><\/p>\n","protected":false},"author":1,"featured_media":26566,"comment_status":"closed","ping_status":"closed","sticky":true,"template":"","format":"standard","meta":{"footnotes":""},"categories":[12],"tags":[],"class_list":["post-26565","post","type-post","status-publish","format-standard","has-post-thumbnail","hentry","category-sport"],"_links":{"self":[{"href":"https:\/\/www.siracusa2000.com\/index.php\/wp-json\/wp\/v2\/posts\/26565","targetHints":{"allow":["GET"]}}],"collection":[{"href":"https:\/\/www.siracusa2000.com\/index.php\/wp-json\/wp\/v2\/posts"}],"about":[{"href":"https:\/\/www.siracusa2000.com\/index.php\/wp-json\/wp\/v2\/types\/post"}],"author":[{"embeddable":true,"href":"https:\/\/www.siracusa2000.com\/index.php\/wp-json\/wp\/v2\/users\/1"}],"replies":[{"embeddable":true,"href":"https:\/\/www.siracusa2000.com\/index.php\/wp-json\/wp\/v2\/comments?post=26565"}],"version-history":[{"count":1,"href":"https:\/\/www.siracusa2000.com\/index.php\/wp-json\/wp\/v2\/posts\/26565\/revisions"}],"predecessor-version":[{"id":26567,"href":"https:\/\/www.siracusa2000.com\/index.php\/wp-json\/wp\/v2\/posts\/26565\/revisions\/26567"}],"wp:featuredmedia":[{"embeddable":true,"href":"https:\/\/www.siracusa2000.com\/index.php\/wp-json\/wp\/v2\/media\/26566"}],"wp:attachment":[{"href":"https:\/\/www.siracusa2000.com\/index.php\/wp-json\/wp\/v2\/media?parent=26565"}],"wp:term":[{"taxonomy":"category","embeddable":true,"href":"https:\/\/www.siracusa2000.com\/index.php\/wp-json\/wp\/v2\/categories?post=26565"},{"taxonomy":"post_tag","embeddable":true,"href":"https:\/\/www.siracusa2000.com\/index.php\/wp-json\/wp\/v2\/tags?post=26565"}],"curies":[{"name":"wp","href":"https:\/\/api.w.org\/{rel}","templated":true}]}}