{"id":61322,"date":"2021-09-27T09:41:00","date_gmt":"2021-09-27T07:41:00","guid":{"rendered":"https:\/\/www.siracusa2000.com\/?p=61322"},"modified":"2021-09-26T20:55:09","modified_gmt":"2021-09-26T18:55:09","slug":"priolo-gargallo-pronto-il-programma-dei-festeggiamenti-in-onore-dellangelo-custode","status":"publish","type":"post","link":"https:\/\/www.siracusa2000.com\/index.php\/2021\/09\/27\/priolo-gargallo-pronto-il-programma-dei-festeggiamenti-in-onore-dellangelo-custode\/","title":{"rendered":"Priolo Gargallo. Pronto il programma dei festeggiamenti in onore dell&#8217;Angelo Custode"},"content":{"rendered":"\n<p><strong>Priolo Gargallo<\/strong> si prepara a festeggiare il <strong>santo patrono, Angelo Custode<\/strong>, con un programma di spettacoli che, nel rispetto delle misure anti contagio, vuol essere un segnale di ripresa e di ritorno alla normalit\u00e0.<\/p>\n\n\n\n<p>Si comincia venerd\u00ec 1 ottobre con un appuntamento che gli amanti dell\u2019opera lirica non possono mancare; sul palco di <strong>piazza dell\u2019Autonomia<\/strong> andr\u00e0 in scena, infatti, \u201c<strong>Cavalleria Rusticana\u201d.<\/strong><\/p>\n\n\n\n<div class=\"wp-block-image\"><figure class=\"aligncenter size-large\"><img loading=\"lazy\" decoding=\"async\" width=\"1024\" height=\"457\" src=\"https:\/\/www.siracusa2000.com\/wp-content\/uploads\/2021\/09\/festa-priolo-1024x457.png\" alt=\"\" class=\"wp-image-61323\" srcset=\"https:\/\/www.siracusa2000.com\/wp-content\/uploads\/2021\/09\/festa-priolo-1024x457.png 1024w, https:\/\/www.siracusa2000.com\/wp-content\/uploads\/2021\/09\/festa-priolo-300x134.png 300w, https:\/\/www.siracusa2000.com\/wp-content\/uploads\/2021\/09\/festa-priolo-768x343.png 768w, https:\/\/www.siracusa2000.com\/wp-content\/uploads\/2021\/09\/festa-priolo.png 1197w\" sizes=\"auto, (max-width: 1024px) 100vw, 1024px\" \/><\/figure><\/div>\n\n\n\n<p>Per la musica leggera, quest\u2019anno, l\u2019Amministrazione comunale ha voluto proporre un concerto di <strong>Silvia Mezzanotte<\/strong>, ex voce dei <strong>Matia Bazar<\/strong>, che si esibir\u00e0 sabato 2 ottobre, al quale far\u00e0 seguito lo spettacolo pirotecnico, in modalit\u00e0 silenziosa, a base di luci, fuochi e musica.<\/p>\n\n\n\n<p>Domenica 3 ottobre a <strong>Priolo Gargallo<\/strong> arriveranno <strong>Anna Tatangelo<\/strong> e, per chiudere la serata<strong> <\/strong>in allegria, uno dei comici pi\u00f9 popolari di questi ultimi anni, tra i pi\u00f9 presenti sui social: <strong>Uccio de Santis<\/strong>, personaggio di punta della trasmissione di <strong>RaiDue \u201cMade in Sud\u201d.<\/strong><\/p>\n\n\n\n<p>\u201cTutti gli spettacoli\u201d \u2013 avverte l\u2019<strong>assessore comunale alla Cultura, Patrizia Arangio <\/strong>\u2013 \u201csi svolgeranno in area delimitata, alla quale potranno avere accesso solo coloro che hanno precedentemente prenotato il posto a sedere, muniti di <strong>green pass<\/strong> e fino all\u2019esaurimento dei 1000 posti disponibili\u201d.<\/p>\n\n\n\n<p>Il programma, come fa sapere il <strong>sindaco Pippo Gianni,<\/strong> comprende anche un concerto Gospel, manifestazioni sportive ed intrattenimento con giochi per i bambini.<\/p>\n\n\n\n<p><em>(foto: da sinistra, A. Tatangelo, U. De Santis, S. Mezzanotte)<\/em><\/p>\n\n\n\n<p class=\"has-text-align-right\"><em>&nbsp;\u00a9 Riproduzione riservata<\/em><\/p>\n\n\n\n<div class=\"wp-block-image\"><figure class=\"aligncenter size-large\"><img loading=\"lazy\" decoding=\"async\" width=\"577\" height=\"175\" src=\"https:\/\/www.siracusa2000.com\/wp-content\/uploads\/2020\/06\/bug-notte-rock.gif\" alt=\"\" class=\"wp-image-42199\"\/><\/figure><\/div>\n","protected":false},"excerpt":{"rendered":"<p>Priolo Gargallo si prepara a festeggiare il santo patrono, Angelo Custode, con un programma di spettacoli che, nel rispetto delle misure anti contagio, vuol essere un segnale di ripresa e di ritorno alla normalit\u00e0. Si comincia venerd\u00ec 1 ottobre con <a href=\"https:\/\/www.siracusa2000.com\/index.php\/2021\/09\/27\/priolo-gargallo-pronto-il-programma-dei-festeggiamenti-in-onore-dellangelo-custode\/\" class=\"read-more\">Leggi Tutto &#8230;<\/a><\/p>\n","protected":false},"author":1,"featured_media":61323,"comment_status":"closed","ping_status":"closed","sticky":true,"template":"","format":"standard","meta":{"footnotes":""},"categories":[8],"tags":[],"class_list":["post-61322","post","type-post","status-publish","format-standard","has-post-thumbnail","hentry","category-provincia"],"_links":{"self":[{"href":"https:\/\/www.siracusa2000.com\/index.php\/wp-json\/wp\/v2\/posts\/61322","targetHints":{"allow":["GET"]}}],"collection":[{"href":"https:\/\/www.siracusa2000.com\/index.php\/wp-json\/wp\/v2\/posts"}],"about":[{"href":"https:\/\/www.siracusa2000.com\/index.php\/wp-json\/wp\/v2\/types\/post"}],"author":[{"embeddable":true,"href":"https:\/\/www.siracusa2000.com\/index.php\/wp-json\/wp\/v2\/users\/1"}],"replies":[{"embeddable":true,"href":"https:\/\/www.siracusa2000.com\/index.php\/wp-json\/wp\/v2\/comments?post=61322"}],"version-history":[{"count":2,"href":"https:\/\/www.siracusa2000.com\/index.php\/wp-json\/wp\/v2\/posts\/61322\/revisions"}],"predecessor-version":[{"id":61325,"href":"https:\/\/www.siracusa2000.com\/index.php\/wp-json\/wp\/v2\/posts\/61322\/revisions\/61325"}],"wp:featuredmedia":[{"embeddable":true,"href":"https:\/\/www.siracusa2000.com\/index.php\/wp-json\/wp\/v2\/media\/61323"}],"wp:attachment":[{"href":"https:\/\/www.siracusa2000.com\/index.php\/wp-json\/wp\/v2\/media?parent=61322"}],"wp:term":[{"taxonomy":"category","embeddable":true,"href":"https:\/\/www.siracusa2000.com\/index.php\/wp-json\/wp\/v2\/categories?post=61322"},{"taxonomy":"post_tag","embeddable":true,"href":"https:\/\/www.siracusa2000.com\/index.php\/wp-json\/wp\/v2\/tags?post=61322"}],"curies":[{"name":"wp","href":"https:\/\/api.w.org\/{rel}","templated":true}]}}