{"id":61343,"date":"2021-09-27T18:34:31","date_gmt":"2021-09-27T16:34:31","guid":{"rendered":"https:\/\/www.siracusa2000.com\/?p=61343"},"modified":"2021-09-27T18:34:33","modified_gmt":"2021-09-27T16:34:33","slug":"ragusa-il-fotografo-giuseppe-leone-a-procida-per-raccontarne-storia-bellezza-e-poesia","status":"publish","type":"post","link":"https:\/\/www.siracusa2000.com\/index.php\/2021\/09\/27\/ragusa-il-fotografo-giuseppe-leone-a-procida-per-raccontarne-storia-bellezza-e-poesia\/","title":{"rendered":"Ragusa. Il fotografo Giuseppe Leone a Procida per raccontarne storia, bellezza e poesia"},"content":{"rendered":"\n<div class=\"wp-block-image\"><figure class=\"aligncenter size-large\"><img loading=\"lazy\" decoding=\"async\" width=\"890\" height=\"574\" src=\"https:\/\/www.siracusa2000.com\/wp-content\/uploads\/2021\/09\/leone1-1.png\" alt=\"\" class=\"wp-image-61344\" srcset=\"https:\/\/www.siracusa2000.com\/wp-content\/uploads\/2021\/09\/leone1-1.png 890w, https:\/\/www.siracusa2000.com\/wp-content\/uploads\/2021\/09\/leone1-1-300x193.png 300w, https:\/\/www.siracusa2000.com\/wp-content\/uploads\/2021\/09\/leone1-1-768x495.png 768w\" sizes=\"auto, (max-width: 890px) 100vw, 890px\" \/><\/figure><\/div>\n\n\n\n<p><strong>Giuseppe Leone,<\/strong> celebre fotografo ragusano, \u00a0ha fatto tappa a <strong>Procida<\/strong>, isola che sar\u00e0 \u201c<strong>Capitale italiana della Cultura\u201d<\/strong> nel 2022, dove ha avuto modo di trovare profonde prospettive ispirative, guardandola con gli occhi di uno scrittore per immagini, piuttosto che con quelli di un giornalista o di un fotografo di reportage.<\/p>\n\n\n\n<p>Attraverso la macchina fotografica, che \u00e8 la macchina pi\u00f9 perfetta della sua poesia, Leone ha potuto riascoltare voci, musiche di paesaggi culturali ed umani, che sono alla base del progetto \u201c<strong>La scoperta della Campania&#8221;<\/strong>, promosso dal <strong>Premio \u201cPenisola Sorrentina Arturo Esposito\u201d.<\/strong><\/p>\n\n\n\n<p>L&#8217;artista ragusano, autore di opere con <strong>Leonardo Sciascia<\/strong>, <strong>Vincenzo<\/strong> <strong>Consolo<\/strong>, <strong>Gesualdo<\/strong> <strong>Bufalino<\/strong>, \u00e8 un abile interprete del mondo isolano di <strong>Sicilia<\/strong>, come attestano\u00a0 i titoli di alcuni suoi volumi, si veda a &#8220;<strong>L&#8217;isola nuda<\/strong>&#8221; o a &#8220;<strong>L&#8217;isola del pensiero<\/strong>&#8220;.<\/p>\n\n\n\n<p>In questo viaggio personalissimo di arte e di vita, anche l&#8217;isola campana entra a far parte di un mondo mitico di bellezza, letteratura e poesia, attraverso il racconto della fotografia.<\/p>\n\n\n\n<p>Come ha scritto <strong>Pietrangelo Buttafuoco<\/strong>, nel catalogo dedicato alla \u00a0mostra fotografica \u201c<strong>Metafore\u201d<\/strong>, in corso a <strong>Bergamo<\/strong> per \u00a0la curatela di <strong>Elisabetta Sgarbi<\/strong>, \u201cl&#8217;occhio fotografico di <strong>Giuseppe Leone<\/strong> \u00e8 immaginale. Il suo segno, il contrassegno plastico tutto suo del bianco e nero raccolto in un clic, \u00e8 uno scavo nell&#8217;imago, dove ci\u00f2 che si rappresenta si percepisce ben oltre l&#8217;immaginario\u201d.<\/p>\n\n\n\n<p>(<em>foto: Giuseppe Leone fotografa gli\u00a0affreschi della Residenza Artistica premio penisola Sorrentina Arturo Esposito)<\/em><\/p>\n\n\n\n<p class=\"has-text-align-right\"><em>\u00a9 Riproduzione riservata<\/em><\/p>\n\n\n\n<div class=\"wp-block-image\"><figure class=\"aligncenter size-large\"><img loading=\"lazy\" decoding=\"async\" width=\"577\" height=\"175\" src=\"https:\/\/www.siracusa2000.com\/wp-content\/uploads\/2020\/06\/bug-notte-rock.gif\" alt=\"\" class=\"wp-image-42199\"\/><\/figure><\/div>\n","protected":false},"excerpt":{"rendered":"<p>Giuseppe Leone, celebre fotografo ragusano, \u00a0ha fatto tappa a Procida, isola che sar\u00e0 \u201cCapitale italiana della Cultura\u201d nel 2022, dove ha avuto modo di trovare profonde prospettive ispirative, guardandola con gli occhi di uno scrittore per immagini, piuttosto che con <a href=\"https:\/\/www.siracusa2000.com\/index.php\/2021\/09\/27\/ragusa-il-fotografo-giuseppe-leone-a-procida-per-raccontarne-storia-bellezza-e-poesia\/\" class=\"read-more\">Leggi Tutto &#8230;<\/a><\/p>\n","protected":false},"author":1,"featured_media":61344,"comment_status":"closed","ping_status":"closed","sticky":true,"template":"","format":"standard","meta":{"footnotes":""},"categories":[9],"tags":[],"class_list":["post-61343","post","type-post","status-publish","format-standard","has-post-thumbnail","hentry","category-fuori-provincia"],"_links":{"self":[{"href":"https:\/\/www.siracusa2000.com\/index.php\/wp-json\/wp\/v2\/posts\/61343","targetHints":{"allow":["GET"]}}],"collection":[{"href":"https:\/\/www.siracusa2000.com\/index.php\/wp-json\/wp\/v2\/posts"}],"about":[{"href":"https:\/\/www.siracusa2000.com\/index.php\/wp-json\/wp\/v2\/types\/post"}],"author":[{"embeddable":true,"href":"https:\/\/www.siracusa2000.com\/index.php\/wp-json\/wp\/v2\/users\/1"}],"replies":[{"embeddable":true,"href":"https:\/\/www.siracusa2000.com\/index.php\/wp-json\/wp\/v2\/comments?post=61343"}],"version-history":[{"count":1,"href":"https:\/\/www.siracusa2000.com\/index.php\/wp-json\/wp\/v2\/posts\/61343\/revisions"}],"predecessor-version":[{"id":61345,"href":"https:\/\/www.siracusa2000.com\/index.php\/wp-json\/wp\/v2\/posts\/61343\/revisions\/61345"}],"wp:featuredmedia":[{"embeddable":true,"href":"https:\/\/www.siracusa2000.com\/index.php\/wp-json\/wp\/v2\/media\/61344"}],"wp:attachment":[{"href":"https:\/\/www.siracusa2000.com\/index.php\/wp-json\/wp\/v2\/media?parent=61343"}],"wp:term":[{"taxonomy":"category","embeddable":true,"href":"https:\/\/www.siracusa2000.com\/index.php\/wp-json\/wp\/v2\/categories?post=61343"},{"taxonomy":"post_tag","embeddable":true,"href":"https:\/\/www.siracusa2000.com\/index.php\/wp-json\/wp\/v2\/tags?post=61343"}],"curies":[{"name":"wp","href":"https:\/\/api.w.org\/{rel}","templated":true}]}}