{"id":62734,"date":"2021-10-31T20:44:12","date_gmt":"2021-10-31T19:44:12","guid":{"rendered":"https:\/\/www.siracusa2000.com\/?p=62734"},"modified":"2021-10-31T20:44:15","modified_gmt":"2021-10-31T19:44:15","slug":"siracusa-le-vittime-dellaggressione-alla-fanusa-sono-tre-cocina-fatto-di-estrema-gravita","status":"publish","type":"post","link":"https:\/\/www.siracusa2000.com\/index.php\/2021\/10\/31\/siracusa-le-vittime-dellaggressione-alla-fanusa-sono-tre-cocina-fatto-di-estrema-gravita\/","title":{"rendered":"Siracusa. Le vittime dell&#8217;aggressione alla Fanusa sono tre. Cocina: fatto di estrema gravit\u00e0"},"content":{"rendered":"\n<p>Sono tre i volontari della <strong>Protezione civile<\/strong> aggrediti oggi, in <strong>via Giulio Verne<\/strong>, nella contrada marinara della <strong>Fanusa<\/strong>, &nbsp;da un uomo di 50 anni che \u00e8 stato segnalato alla <strong>Questura di Siracusa.<\/strong><\/p>\n\n\n\n<p>Secondo quanto si legge nella pagina social della <strong>Protezione civile regionale<\/strong>,&nbsp; i tre volontari, due uomini e una donna, tutti provenienti da <strong>Modica<\/strong> stavano operando con la pompa idrovora per liberare i cortili allagati.<\/p>\n\n\n\n<p>Ad un certo punto \u00e8 arrivato l\u2019aggressore a bordo di un\u2019auto, chiedendo di passare urgentemente.<\/p>\n\n\n\n<figure class=\"wp-block-image size-large\"><img loading=\"lazy\" decoding=\"async\" width=\"1024\" height=\"535\" src=\"https:\/\/www.siracusa2000.com\/wp-content\/uploads\/2021\/10\/aggrediti-1024x535.png\" alt=\"\" class=\"wp-image-62736\" srcset=\"https:\/\/www.siracusa2000.com\/wp-content\/uploads\/2021\/10\/aggrediti-1024x535.png 1024w, https:\/\/www.siracusa2000.com\/wp-content\/uploads\/2021\/10\/aggrediti-300x157.png 300w, https:\/\/www.siracusa2000.com\/wp-content\/uploads\/2021\/10\/aggrediti-768x401.png 768w, https:\/\/www.siracusa2000.com\/wp-content\/uploads\/2021\/10\/aggrediti.png 1042w\" sizes=\"auto, (max-width: 1024px) 100vw, 1024px\" \/><\/figure>\n\n\n\n<p>Giusto il tempo di spostare le pompe, quando l\u2019uomo \u00e8 andato in escandescenza attaccando la volontaria. Si \u00e8 messo in mezzo, per\u00f2, il padre della donna che, per proteggerla, \u00e8 stato raggiunto da un pugno alla testa.<\/p>\n\n\n\n<p>L\u2019aggressore ha, poi, preso di mira il terzo volontario, colpendolo con un pugno alle costole, quindi, \u00e8 scappato via. I due feriti sono stati trasportati d\u2019urgenza all\u2019<strong>ospedale di Siracusa.<\/strong><\/p>\n\n\n\n<p>Il <strong>Capo del Dipartimento della Protezione civile siciliana, Salvo Cocina<\/strong>, ha espresso massima solidariet\u00e0, a nome di tutta la <strong>Protezione civile<\/strong> e&nbsp; della <strong>Regione Siciliana,<\/strong> alle tre vittime dell\u2019aggressione, padre e figlia, appartenenti al Gruppo comunale di Modica, e il terzo dell\u2019A<strong>ssociazione Vigili del Fuoco in congedo di Modica.<\/strong><\/p>\n\n\n\n<p>\u201cCi\u00f2 che \u00e8 avvenuto\u201d \u2013 dichiara <strong>Salvo Cocina<\/strong> \u2013 \u201c\u00e8 un fatto di estrema gravit\u00e0 \u00e8 inaccettabile. Chiediamo alle Autorit\u00e0 competenti di accertare le responsabilit\u00e0 e punire in modo esemplare chi ha usato violenza contro i volontari e ha impedito un intervento in emergenza di Protezione civile\u201d.<\/p>\n\n\n\n<p><em>(foto: dalla pagina FB DRPC)<\/em><\/p>\n\n\n\n<p class=\"has-text-align-right\"><em>\u00a9 Riproduzione riservata<\/em><\/p>\n\n\n\n<figure class=\"wp-block-image size-large\"><img loading=\"lazy\" decoding=\"async\" width=\"1024\" height=\"312\" src=\"https:\/\/www.siracusa2000.com\/wp-content\/uploads\/2021\/10\/campagna-antiracket-1024x312.png\" alt=\"\" class=\"wp-image-62416\" srcset=\"https:\/\/www.siracusa2000.com\/wp-content\/uploads\/2021\/10\/campagna-antiracket-1024x312.png 1024w, https:\/\/www.siracusa2000.com\/wp-content\/uploads\/2021\/10\/campagna-antiracket-300x91.png 300w, https:\/\/www.siracusa2000.com\/wp-content\/uploads\/2021\/10\/campagna-antiracket-768x234.png 768w, https:\/\/www.siracusa2000.com\/wp-content\/uploads\/2021\/10\/campagna-antiracket.png 1173w\" sizes=\"auto, (max-width: 1024px) 100vw, 1024px\" \/><\/figure>\n","protected":false},"excerpt":{"rendered":"<p>Sono tre i volontari della Protezione civile aggrediti oggi, in via Giulio Verne, nella contrada marinara della Fanusa, &nbsp;da un uomo di 50 anni che \u00e8 stato segnalato alla Questura di Siracusa. Secondo quanto si legge nella pagina social della <a href=\"https:\/\/www.siracusa2000.com\/index.php\/2021\/10\/31\/siracusa-le-vittime-dellaggressione-alla-fanusa-sono-tre-cocina-fatto-di-estrema-gravita\/\" class=\"read-more\">Leggi Tutto &#8230;<\/a><\/p>\n","protected":false},"author":1,"featured_media":62736,"comment_status":"closed","ping_status":"closed","sticky":true,"template":"","format":"standard","meta":{"footnotes":""},"categories":[7],"tags":[],"class_list":["post-62734","post","type-post","status-publish","format-standard","has-post-thumbnail","hentry","category-citta"],"_links":{"self":[{"href":"https:\/\/www.siracusa2000.com\/index.php\/wp-json\/wp\/v2\/posts\/62734","targetHints":{"allow":["GET"]}}],"collection":[{"href":"https:\/\/www.siracusa2000.com\/index.php\/wp-json\/wp\/v2\/posts"}],"about":[{"href":"https:\/\/www.siracusa2000.com\/index.php\/wp-json\/wp\/v2\/types\/post"}],"author":[{"embeddable":true,"href":"https:\/\/www.siracusa2000.com\/index.php\/wp-json\/wp\/v2\/users\/1"}],"replies":[{"embeddable":true,"href":"https:\/\/www.siracusa2000.com\/index.php\/wp-json\/wp\/v2\/comments?post=62734"}],"version-history":[{"count":2,"href":"https:\/\/www.siracusa2000.com\/index.php\/wp-json\/wp\/v2\/posts\/62734\/revisions"}],"predecessor-version":[{"id":62738,"href":"https:\/\/www.siracusa2000.com\/index.php\/wp-json\/wp\/v2\/posts\/62734\/revisions\/62738"}],"wp:featuredmedia":[{"embeddable":true,"href":"https:\/\/www.siracusa2000.com\/index.php\/wp-json\/wp\/v2\/media\/62736"}],"wp:attachment":[{"href":"https:\/\/www.siracusa2000.com\/index.php\/wp-json\/wp\/v2\/media?parent=62734"}],"wp:term":[{"taxonomy":"category","embeddable":true,"href":"https:\/\/www.siracusa2000.com\/index.php\/wp-json\/wp\/v2\/categories?post=62734"},{"taxonomy":"post_tag","embeddable":true,"href":"https:\/\/www.siracusa2000.com\/index.php\/wp-json\/wp\/v2\/tags?post=62734"}],"curies":[{"name":"wp","href":"https:\/\/api.w.org\/{rel}","templated":true}]}}