{"id":63881,"date":"2021-12-04T18:38:02","date_gmt":"2021-12-04T17:38:02","guid":{"rendered":"https:\/\/www.siracusa2000.com\/?p=63881"},"modified":"2021-12-04T18:38:04","modified_gmt":"2021-12-04T17:38:04","slug":"priolo-gargallo-domani-in-piazza-dellautonomia-comunale-la-festa-del-volontariato","status":"publish","type":"post","link":"https:\/\/www.siracusa2000.com\/index.php\/2021\/12\/04\/priolo-gargallo-domani-in-piazza-dellautonomia-comunale-la-festa-del-volontariato\/","title":{"rendered":"Priolo Gargallo. Domani in piazza dell\u2019Autonomia Comunale la Festa del Volontariato"},"content":{"rendered":"\n<div class=\"wp-block-image\"><figure class=\"aligncenter size-large\"><img loading=\"lazy\" decoding=\"async\" width=\"803\" height=\"467\" src=\"https:\/\/www.siracusa2000.com\/wp-content\/uploads\/2021\/12\/prio.png\" alt=\"\" class=\"wp-image-63882\" srcset=\"https:\/\/www.siracusa2000.com\/wp-content\/uploads\/2021\/12\/prio.png 803w, https:\/\/www.siracusa2000.com\/wp-content\/uploads\/2021\/12\/prio-300x174.png 300w, https:\/\/www.siracusa2000.com\/wp-content\/uploads\/2021\/12\/prio-768x447.png 768w\" sizes=\"auto, (max-width: 803px) 100vw, 803px\" \/><\/figure><\/div>\n\n\n\n<p>Piazza dell\u2019Autonomia Comunale ospiter\u00e0, domani mattina, dalle 9.30 alle 13.30, la <strong>Festa del Volontariato<\/strong>, che vedr\u00e0 la partecipazione di oltre 20 associazioni che operano nel territorio comunale di <strong>Priolo Gargallo.<\/strong> <\/p>\n\n\n\n<p>La manifestazione \u00e8 stata voluta dall\u2019<strong>assessorato alla Cultura e Volontariato<\/strong>, per rendere omaggio ai tanti volontari, \u201cper lo spirito altruistico che li anima\u201d \u2013 dice l\u2019<strong>assessore Patrizia Arangio<\/strong> \u2013 \u201cnello svolgimento della quotidiana attivit\u00e0, protesa a favore della collettivit\u00e0 priolese\u201d. <\/p>\n\n\n\n<p>\u201cUn importante momento di incontro\u201d \u2013 aggiunge il <strong>sindaco Pippo Gianni <\/strong>\u2013 \u201ctra i cittadini e le associazioni che cade proprio in occasione della <strong>Giornata Internazionale del Volontariato<\/strong>\u201d.<\/p>\n\n\n\n<p><em>(foto: repertorio internet)<\/em><\/p>\n\n\n\n<p class=\"has-text-align-right\"><em>\u00a9 Riproduzione riservata<\/em><\/p>\n\n\n\n<div class=\"wp-block-image\"><figure class=\"aligncenter size-large\"><img loading=\"lazy\" decoding=\"async\" width=\"365\" height=\"228\" src=\"https:\/\/www.siracusa2000.com\/wp-content\/uploads\/2021\/06\/bug-dance-dance.png\" alt=\"\" class=\"wp-image-57906\" srcset=\"https:\/\/www.siracusa2000.com\/wp-content\/uploads\/2021\/06\/bug-dance-dance.png 365w, https:\/\/www.siracusa2000.com\/wp-content\/uploads\/2021\/06\/bug-dance-dance-300x187.png 300w\" sizes=\"auto, (max-width: 365px) 100vw, 365px\" \/><\/figure><\/div>\n","protected":false},"excerpt":{"rendered":"<p>Piazza dell\u2019Autonomia Comunale ospiter\u00e0, domani mattina, dalle 9.30 alle 13.30, la Festa del Volontariato, che vedr\u00e0 la partecipazione di oltre 20 associazioni che operano nel territorio comunale di Priolo Gargallo. La manifestazione \u00e8 stata voluta dall\u2019assessorato alla Cultura e Volontariato, <a href=\"https:\/\/www.siracusa2000.com\/index.php\/2021\/12\/04\/priolo-gargallo-domani-in-piazza-dellautonomia-comunale-la-festa-del-volontariato\/\" class=\"read-more\">Leggi Tutto &#8230;<\/a><\/p>\n","protected":false},"author":1,"featured_media":63882,"comment_status":"closed","ping_status":"closed","sticky":true,"template":"","format":"standard","meta":{"footnotes":""},"categories":[8],"tags":[],"class_list":["post-63881","post","type-post","status-publish","format-standard","has-post-thumbnail","hentry","category-provincia"],"_links":{"self":[{"href":"https:\/\/www.siracusa2000.com\/index.php\/wp-json\/wp\/v2\/posts\/63881","targetHints":{"allow":["GET"]}}],"collection":[{"href":"https:\/\/www.siracusa2000.com\/index.php\/wp-json\/wp\/v2\/posts"}],"about":[{"href":"https:\/\/www.siracusa2000.com\/index.php\/wp-json\/wp\/v2\/types\/post"}],"author":[{"embeddable":true,"href":"https:\/\/www.siracusa2000.com\/index.php\/wp-json\/wp\/v2\/users\/1"}],"replies":[{"embeddable":true,"href":"https:\/\/www.siracusa2000.com\/index.php\/wp-json\/wp\/v2\/comments?post=63881"}],"version-history":[{"count":1,"href":"https:\/\/www.siracusa2000.com\/index.php\/wp-json\/wp\/v2\/posts\/63881\/revisions"}],"predecessor-version":[{"id":63883,"href":"https:\/\/www.siracusa2000.com\/index.php\/wp-json\/wp\/v2\/posts\/63881\/revisions\/63883"}],"wp:featuredmedia":[{"embeddable":true,"href":"https:\/\/www.siracusa2000.com\/index.php\/wp-json\/wp\/v2\/media\/63882"}],"wp:attachment":[{"href":"https:\/\/www.siracusa2000.com\/index.php\/wp-json\/wp\/v2\/media?parent=63881"}],"wp:term":[{"taxonomy":"category","embeddable":true,"href":"https:\/\/www.siracusa2000.com\/index.php\/wp-json\/wp\/v2\/categories?post=63881"},{"taxonomy":"post_tag","embeddable":true,"href":"https:\/\/www.siracusa2000.com\/index.php\/wp-json\/wp\/v2\/tags?post=63881"}],"curies":[{"name":"wp","href":"https:\/\/api.w.org\/{rel}","templated":true}]}}