{"id":63943,"date":"2021-12-06T12:30:04","date_gmt":"2021-12-06T11:30:04","guid":{"rendered":"https:\/\/www.siracusa2000.com\/?p=63943"},"modified":"2021-12-06T19:21:53","modified_gmt":"2021-12-06T18:21:53","slug":"riceviamo-e-pubblichiamo-lassessore-maura-fontana-lascia-lamministrazione-comunale","status":"publish","type":"post","link":"https:\/\/www.siracusa2000.com\/index.php\/2021\/12\/06\/riceviamo-e-pubblichiamo-lassessore-maura-fontana-lascia-lamministrazione-comunale\/","title":{"rendered":"Riceviamo e pubblichiamo. L&#8217;assessore Maura Fontana lascia l&#8217;Amministrazione comunale"},"content":{"rendered":"\n<p>Ho deciso di interrompere il mio percorso all&#8217;interno di questa Amministrazione.&nbsp; L&#8217;ho deciso perch\u00e9 credo fermamente che per lavorare con dedizione, energie, sacrifici, tempo e mettendoci sempre il cuore, come fino ad oggi ho fatto, bisogna poterlo fare con serenit\u00e0 , serenit\u00e0 che da un po&#8217; di tempo \u00e8 venuta a mancare.<\/p>\n\n\n\n<figure class=\"wp-block-image size-large\"><img loading=\"lazy\" decoding=\"async\" width=\"871\" height=\"527\" src=\"https:\/\/www.siracusa2000.com\/wp-content\/uploads\/2021\/12\/fonatan1.png\" alt=\"\" class=\"wp-image-63958\" srcset=\"https:\/\/www.siracusa2000.com\/wp-content\/uploads\/2021\/12\/fonatan1.png 871w, https:\/\/www.siracusa2000.com\/wp-content\/uploads\/2021\/12\/fonatan1-300x182.png 300w, https:\/\/www.siracusa2000.com\/wp-content\/uploads\/2021\/12\/fonatan1-768x465.png 768w\" sizes=\"auto, (max-width: 871px) 100vw, 871px\" \/><\/figure>\n\n\n\n<p>Certamente bello e auspicabile che un&#8217;amministrazione voli alto e guardi oltre per costruire un futuro migliore. Belle le idee nuove, quelle che possono rivoluzionare alcuni aspetti della vita della citt\u00e0. Questo per\u00f2 non deve andare a discapito della quotidianit\u00e0, che \u00e8 quella che i cittadini vivono sulla propria pelle e su questo aspetto non si sono verificate le condizioni per poter operare.&nbsp;<\/p>\n\n\n\n<p>Per tale motivo preferisco farmi da parte.<\/p>\n\n\n\n<p>Mi preme ripercorrere il lavoro sino ad oggi fatto e quello che purtroppo lascio incompleto ma avviato.<\/p>\n\n\n\n<p>Nel&nbsp;<strong>Settore Urbanistica<\/strong>, l&#8217;importante procedura di&nbsp;<strong>svincolo delle aree soggette al SIN<\/strong>&nbsp;relativamente alla zona del porto di Siracusa, processo avviato ma mai proseguito.<\/p>\n\n\n\n<p>Nel settore<strong>Politiche Sociali:<\/strong>&nbsp;l&#8217; approvazione dei fondi relativi ai&nbsp;<strong>PUC<\/strong>&nbsp;e l&#8217;avvio delle progettualit\u00e0 e degli iter per la stipula di protocolli con l&#8217;ente parco e con il tribunale per l&#8217;impiego in lavori di pubblica utilit\u00e0 dei cittadini percettori di Reddito di Cittadinanza. Questo percorso \u00e8 attualmente in attesa delle indicazioni dei settori interessati per le attivit\u00e0 da svolgere per le nomine dei tutor.<\/p>\n\n\n\n<p>Sul fronte&nbsp;<strong>Buoni Spesa<\/strong>, abbiamo distribuito&nbsp;<strong>un milione 600 mila euro<\/strong>&nbsp;attraverso l&#8217;utilizzo della piattaforma digitale.&nbsp;<\/p>\n\n\n\n<p>Il Settore Politiche Sociali ha, inoltre, avviato la costituzione della una&nbsp;<strong>rete territoriale per la protezione e l&#8217;inclusione sociale<\/strong>&nbsp;, luogo per la concertazione territoriale degli interventi sostenuti a valere sul&nbsp;<strong>Fondo Nazionale Politiche Sociali<\/strong>.&nbsp;<\/p>\n\n\n\n<p>Ricordo, inoltre, la pubblicazione dell&#8217;Avviso pubblico di manifestazione d&#8217;interesse &#8220;<strong>Spazio neutro e diritto di visita e mediazione familiare&#8221;.<\/strong><\/p>\n\n\n\n<p>Infine ricordo l&#8217;Avvio della costituzione dell&#8217;<strong>Ufficio di Piano<\/strong>&nbsp;con i comuni del&nbsp;<strong>Distretto Socio-Sanitario 48<\/strong>, di cui Siracusa \u00e8 Comune capofila.<\/p>\n\n\n\n<p><strong>Settore Trasporti e Diritto alla Mobilit\u00e0<\/strong>: realizzazione di oltre 20km di&nbsp;<strong>piste ciclabili<\/strong>&nbsp;su strada corredate da rastrelliere per la sosta delle bici finanziate con i fondi&nbsp;<strong>Ciclovie<\/strong>.&nbsp;<\/p>\n\n\n\n<p>Lascio concluso l&#8217;iter progettuale per la realizzazione di due piste ciclabili finanziate tramite&nbsp;<strong>Agenda Urbana&nbsp;<\/strong>con&nbsp;<strong>2,5 milioni di euro erogati<\/strong>.&nbsp;<\/p>\n\n\n\n<p>Sempre su fondi Agenda Urbana, ricordo la definizione fino all&#8217;ottenimento dei fondi necessari all&#8217;<strong>acquisto di 10 bus a metano<\/strong>, attivit\u00e0 in fase di espletamento, mentre i due bus elettrici, ottenuti in virt\u00f9 della rimodulazione sui fondi del Collegato Ambientale, sono in loco da destinare.<\/p>\n\n\n\n<p>Poi il progetto per l&#8217;acquisto di 2<strong>0 pensiline\/rastrelliere fotovoltaiche<\/strong>&nbsp;con fondi intercettati nell&#8217;ambito dell&#8217;<strong>Accordo di programma<\/strong>&nbsp;(per 400.000 euro).<\/p>\n\n\n\n<p>-Attuazione dei fondi di progettazione per l&#8217;aggiornamento&nbsp;<strong>PUMS<\/strong>&nbsp;( con l&#8217;aggiudicazione della gara), il Biciplan (progetto completato),&nbsp;<strong>BRT&nbsp;<\/strong>e&nbsp;<strong>TPL<\/strong>, entrambi in fase di affidamento.&nbsp;<\/p>\n\n\n\n<p>Abbiamo ottenuto&nbsp;<strong>ulteriori 600.000 euro&nbsp;<\/strong>circa di fondi per le Ciclovie, risultato raggiunto per aver attivato la realizzazione delle prime in anticipo rispetto ad altre realt\u00e0. Inoltre, ulteriore finanziamento per le&nbsp;<strong>progettazioni sulla mobilit\u00e0 per 715.000 euro<\/strong>&nbsp;che saranno indirizzati agli studi dei piani settoriali sulla mobilit\u00e0.<\/p>\n\n\n\n<p>Ricordo, infine, l&#8217;avvio della sperimentazione dell&#8217; ampliamento della&nbsp;<strong>ZTL<\/strong>&nbsp;di Ortigia, con l&#8217;introduzione di servizi annessi: aree parcheggio e trasporto urbano (navette) , l&#8217; App per la gestione sosta, abbonamenti , rilascio e controllo pass <strong>ZTL<\/strong> oltre a vari servizi per la pubblica amministrazione. Ancora, l&#8217; istituzione delle&nbsp;<strong>Zone 30 e delle Zone scolastiche e la redazione di 7 progetti di manutenzioni straordinarie per altrettante strade , con attesa dell&#8217;iter di approvazione da parte di Cassa Depositi e Prestiti.<\/strong>.&nbsp;<\/p>\n\n\n\n<p>Infine vorrei ricordare la&nbsp;<strong>modifica dei sistemi di gestione della sosta a pagamento<\/strong>&nbsp;che, ad oggi, vede introiti per circa 1,2 milioni (quindi non distante dalle cifre pre-Covid),con gestione da giugno 2021, penalizzata nei mesi antecedenti dalle condizioni dettate dall&#8217;emergenza Covid, gestione che vede l&#8217;utilizzo, ora insieme all&#8217;App, di modalit\u00e0 pi\u00f9 snelle e non penalizzati per gli utenti.<\/p>\n\n\n\n<p>Ricordo ancora l&#8217;istanza per l&#8217;attuazione&nbsp;&nbsp;<strong>Piano Nazionale Strategico Mobilit\u00e0 Sostenibile<\/strong>&nbsp;per&nbsp;<strong>22 milioni fino al 2033<\/strong>, e ancora la realizzazione delle&nbsp;<strong>aree di riqualificazione<\/strong>&nbsp;(Asparano consegnata, Isola in corso), l&#8217; acquisto 15 pensiline bus da installare e la dotazione wc autopulente di nuovissima generazione al parcheggio del Molo S&#8217;Antonio.<\/p>\n\n\n\n<p>In ultimo, l&#8217;iter di definizione del progetto di il completamento del parcheggio Mazzanti e avvio delle opere.<\/p>\n\n\n\n<p>Mi preme fortemente ringraziare le tante, moltissime persone che si spendono quotidianamente anche ben oltre il semplice orario di lavoro , con dedizione, mettendo a disposizione di questa Amministrazione competenza, spirito d&#8217;iniziativa e che forse troppo spesso non vengono valorizzate o apprezzate. Ricordo, per prima a me stessa, che i bei progetti restano sulla carta se non sono supportati dalle persone che, nel mio caso, sono state ottime compagne di viaggio e delle quali conservo un ricordo caro e alle quali auguro di poter proseguire nella loro valida attivit\u00e0 con la serenit\u00e0 dovuta. <em>(architetto Maura Fontana)<\/em><\/p>\n\n\n\n<p class=\"has-text-align-right\"><em>\u00a9 Riproduzione riservata<\/em><\/p>\n\n\n\n<div class=\"wp-block-image\"><figure class=\"aligncenter size-large\"><img loading=\"lazy\" decoding=\"async\" width=\"365\" height=\"228\" src=\"https:\/\/www.siracusa2000.com\/wp-content\/uploads\/2021\/06\/bug-dance-dance.png\" alt=\"\" class=\"wp-image-57906\" srcset=\"https:\/\/www.siracusa2000.com\/wp-content\/uploads\/2021\/06\/bug-dance-dance.png 365w, https:\/\/www.siracusa2000.com\/wp-content\/uploads\/2021\/06\/bug-dance-dance-300x187.png 300w\" sizes=\"auto, (max-width: 365px) 100vw, 365px\" \/><\/figure><\/div>\n","protected":false},"excerpt":{"rendered":"<p>Ho deciso di interrompere il mio percorso all&#8217;interno di questa Amministrazione.&nbsp; L&#8217;ho deciso perch\u00e9 credo fermamente che per lavorare con dedizione, energie, sacrifici, tempo e mettendoci sempre il cuore, come fino ad oggi ho fatto, bisogna poterlo fare con serenit\u00e0 <a href=\"https:\/\/www.siracusa2000.com\/index.php\/2021\/12\/06\/riceviamo-e-pubblichiamo-lassessore-maura-fontana-lascia-lamministrazione-comunale\/\" class=\"read-more\">Leggi Tutto &#8230;<\/a><\/p>\n","protected":false},"author":1,"featured_media":63958,"comment_status":"closed","ping_status":"closed","sticky":true,"template":"","format":"standard","meta":{"footnotes":""},"categories":[7],"tags":[],"class_list":["post-63943","post","type-post","status-publish","format-standard","has-post-thumbnail","hentry","category-citta"],"_links":{"self":[{"href":"https:\/\/www.siracusa2000.com\/index.php\/wp-json\/wp\/v2\/posts\/63943","targetHints":{"allow":["GET"]}}],"collection":[{"href":"https:\/\/www.siracusa2000.com\/index.php\/wp-json\/wp\/v2\/posts"}],"about":[{"href":"https:\/\/www.siracusa2000.com\/index.php\/wp-json\/wp\/v2\/types\/post"}],"author":[{"embeddable":true,"href":"https:\/\/www.siracusa2000.com\/index.php\/wp-json\/wp\/v2\/users\/1"}],"replies":[{"embeddable":true,"href":"https:\/\/www.siracusa2000.com\/index.php\/wp-json\/wp\/v2\/comments?post=63943"}],"version-history":[{"count":2,"href":"https:\/\/www.siracusa2000.com\/index.php\/wp-json\/wp\/v2\/posts\/63943\/revisions"}],"predecessor-version":[{"id":63959,"href":"https:\/\/www.siracusa2000.com\/index.php\/wp-json\/wp\/v2\/posts\/63943\/revisions\/63959"}],"wp:featuredmedia":[{"embeddable":true,"href":"https:\/\/www.siracusa2000.com\/index.php\/wp-json\/wp\/v2\/media\/63958"}],"wp:attachment":[{"href":"https:\/\/www.siracusa2000.com\/index.php\/wp-json\/wp\/v2\/media?parent=63943"}],"wp:term":[{"taxonomy":"category","embeddable":true,"href":"https:\/\/www.siracusa2000.com\/index.php\/wp-json\/wp\/v2\/categories?post=63943"},{"taxonomy":"post_tag","embeddable":true,"href":"https:\/\/www.siracusa2000.com\/index.php\/wp-json\/wp\/v2\/tags?post=63943"}],"curies":[{"name":"wp","href":"https:\/\/api.w.org\/{rel}","templated":true}]}}