{"id":63988,"date":"2021-12-07T18:14:50","date_gmt":"2021-12-07T17:14:50","guid":{"rendered":"https:\/\/www.siracusa2000.com\/?p=63988"},"modified":"2021-12-07T18:14:55","modified_gmt":"2021-12-07T17:14:55","slug":"siracusa-hanno-giurato-i-cinque-nuovi-assessori-la-giunta-comunale-e-di-nuovo-al-completo","status":"publish","type":"post","link":"https:\/\/www.siracusa2000.com\/index.php\/2021\/12\/07\/siracusa-hanno-giurato-i-cinque-nuovi-assessori-la-giunta-comunale-e-di-nuovo-al-completo\/","title":{"rendered":"Siracusa. Hanno giurato i cinque nuovi assessori, la Giunta comunale \u00e8 di nuovo al completo"},"content":{"rendered":"\n<figure class=\"wp-block-image size-large\"><img loading=\"lazy\" decoding=\"async\" width=\"1024\" height=\"574\" src=\"https:\/\/www.siracusa2000.com\/wp-content\/uploads\/2021\/12\/giunta-1024x574.png\" alt=\"\" class=\"wp-image-63989\" srcset=\"https:\/\/www.siracusa2000.com\/wp-content\/uploads\/2021\/12\/giunta-1024x574.png 1024w, https:\/\/www.siracusa2000.com\/wp-content\/uploads\/2021\/12\/giunta-300x168.png 300w, https:\/\/www.siracusa2000.com\/wp-content\/uploads\/2021\/12\/giunta-768x430.png 768w, https:\/\/www.siracusa2000.com\/wp-content\/uploads\/2021\/12\/giunta.png 1169w\" sizes=\"auto, (max-width: 1024px) 100vw, 1024px\" \/><\/figure>\n\n\n\n<p><strong>Agata Bugliarello<\/strong>, 37 anni, avvocato; <strong>Concetta Carbone<\/strong>, 54 anni, esperta in fondi comunitari; <strong>Andrea Firenze<\/strong>, 40 anni, sociologo e insegnante; <strong>Giuseppe Di Raimondo<\/strong>, 40 anni, ingegnere; <strong>Dario Tota<\/strong>, 41 anni, avvocato. <\/p>\n\n\n\n<p>Sono questi i nuovi cinque assessori che completano la <strong>giunta Italia<\/strong>, dopo l\u2019uscita, nei mesi scorsi di <strong>Cosimo Burti<\/strong> ed <strong>Alessandro Schembari <\/strong>e, nelle ultime 24 ore, di <strong>Maura Fontana, Rita Gentile<\/strong> e <strong>Carlo Gradenigo.<\/strong> <\/p>\n\n\n\n<p>Ovviamente, i nuovi entrati si aggiungono ai confermati <strong>Andrea Buccheri, Pierpaolo Coppa<\/strong> ( che ricopre anche la carica di vicesindaco), <strong>Fabio Granata<\/strong> e <strong>Sergio Imbr\u00f2<\/strong>.<\/p>\n\n\n\n<p>Tutti gli assessori rinunceranno al 20 per cento delle rispettive indennit\u00e0, che sar\u00e0 destinato alle politiche scolastiche.<\/p>\n\n\n\n<p>Per quanto riguarda le deleghe,<strong> Andrea Buccheri<\/strong> si occuper\u00e0 di Igiene Urbana, Polizia ambientale, Verde pubblico e decoro urbano, Sanit\u00e0 (Tutela animali e fauna urbana, Servizi sanitari); <strong>Agata<\/strong> <strong>Bugliarello <\/strong>di Beni demaniali e patrimoniali, Beni comuni, Risorse umane e Affari legali; <\/p>\n\n\n\n<div class=\"wp-block-image\"><figure class=\"alignright size-full\"><img loading=\"lazy\" decoding=\"async\" width=\"365\" height=\"228\" src=\"https:\/\/www.siracusa2000.com\/wp-content\/uploads\/2021\/06\/bug-dance-dance.png\" alt=\"\" class=\"wp-image-57906\" srcset=\"https:\/\/www.siracusa2000.com\/wp-content\/uploads\/2021\/06\/bug-dance-dance.png 365w, https:\/\/www.siracusa2000.com\/wp-content\/uploads\/2021\/06\/bug-dance-dance-300x187.png 300w\" sizes=\"auto, (max-width: 365px) 100vw, 365px\" \/><\/figure><\/div>\n\n\n\n<p><strong>Concetta Carbone<\/strong> di Pari opportunit\u00e0 e diritti sociali, Politiche sociali e della famiglia, Politiche di inclusione e diritto alla casa, Attuazione del programma, Democrazia partecipata e Politiche educative;<\/p>\n\n\n\n<p><strong>Pierpaolo Coppa<\/strong> di Economico finanziario, Entrate e servizi fiscali, Istruzione e diritto allo studio, Programmazione opere pubbliche e coordinamento e monitoraggio delle politiche di sviluppo sostenibile, Tutela del territorio e dell\u2019ambiente, Partenariato pubblico privato; <\/p>\n\n\n\n<p><strong>Andrea<\/strong> <strong>Firenze<\/strong> di Sviluppo economico e competitivit\u00e0 (agricoltura, pesca, mercati e fiere), Risorse mare, Sport e tempo libero, Politiche giovanili, Sviluppo delle tecnologie e dei sistemi informativi e Statistica; <\/p>\n\n\n\n<p><strong>Fabio Granata<\/strong> di Tutela e valorizzazione dei beni e delle attivit\u00e0 culturali, Unesco, Universit\u00e0, Sviluppo e valorizzazione del turismo, Legalit\u00e0 e Trasparenza; <\/p>\n\n\n\n<p><strong>Sergio<\/strong> <strong>Imbr\u00f2<\/strong> di Edilizia privata, Urbanistica e assetto del territorio, Protezione civile; <strong>Giuseppe Di Raimondo<\/strong> di Tutela, valorizzazione e recupero ambientale, Tutela del suolo, Qualit\u00e0 dell&#8217;aria e riduzione dell&#8217;inquinamento, Servizio idrico integrato e tutela delle risorse idriche, Aree protette, parchi naturali, protezione naturalistica e forestazione urbana; Sistema energia ed efficientamento energetico, Pubblica illuminazione; <\/p>\n\n\n\n<p><strong>Dario Tota<\/strong> di Polizia municipale, Trasporti e diritto alla mobilit\u00e0.<\/p>\n\n\n\n<p><em>(foto: la presentazione dei nuovi assessori nel salone Paolo Borsellino di Palazzo Vermexio)<\/em><\/p>\n\n\n\n<p class=\"has-text-align-right\"><em>\u00a9 Riproduzione riservata<\/em><\/p>\n\n\n\n<figure class=\"wp-block-image size-full\"><img loading=\"lazy\" decoding=\"async\" width=\"926\" height=\"419\" src=\"https:\/\/www.siracusa2000.com\/wp-content\/uploads\/2021\/04\/banner-meteo-weekend.png\" alt=\"\" class=\"wp-image-55152\" srcset=\"https:\/\/www.siracusa2000.com\/wp-content\/uploads\/2021\/04\/banner-meteo-weekend.png 926w, https:\/\/www.siracusa2000.com\/wp-content\/uploads\/2021\/04\/banner-meteo-weekend-300x136.png 300w, https:\/\/www.siracusa2000.com\/wp-content\/uploads\/2021\/04\/banner-meteo-weekend-768x348.png 768w\" sizes=\"auto, (max-width: 926px) 100vw, 926px\" \/><\/figure>\n","protected":false},"excerpt":{"rendered":"<p>Agata Bugliarello, 37 anni, avvocato; Concetta Carbone, 54 anni, esperta in fondi comunitari; Andrea Firenze, 40 anni, sociologo e insegnante; Giuseppe Di Raimondo, 40 anni, ingegnere; Dario Tota, 41 anni, avvocato. Sono questi i nuovi cinque assessori che completano la <a href=\"https:\/\/www.siracusa2000.com\/index.php\/2021\/12\/07\/siracusa-hanno-giurato-i-cinque-nuovi-assessori-la-giunta-comunale-e-di-nuovo-al-completo\/\" class=\"read-more\">Leggi Tutto &#8230;<\/a><\/p>\n","protected":false},"author":1,"featured_media":63989,"comment_status":"closed","ping_status":"closed","sticky":true,"template":"","format":"standard","meta":{"footnotes":""},"categories":[7],"tags":[],"class_list":["post-63988","post","type-post","status-publish","format-standard","has-post-thumbnail","hentry","category-citta"],"_links":{"self":[{"href":"https:\/\/www.siracusa2000.com\/index.php\/wp-json\/wp\/v2\/posts\/63988","targetHints":{"allow":["GET"]}}],"collection":[{"href":"https:\/\/www.siracusa2000.com\/index.php\/wp-json\/wp\/v2\/posts"}],"about":[{"href":"https:\/\/www.siracusa2000.com\/index.php\/wp-json\/wp\/v2\/types\/post"}],"author":[{"embeddable":true,"href":"https:\/\/www.siracusa2000.com\/index.php\/wp-json\/wp\/v2\/users\/1"}],"replies":[{"embeddable":true,"href":"https:\/\/www.siracusa2000.com\/index.php\/wp-json\/wp\/v2\/comments?post=63988"}],"version-history":[{"count":2,"href":"https:\/\/www.siracusa2000.com\/index.php\/wp-json\/wp\/v2\/posts\/63988\/revisions"}],"predecessor-version":[{"id":63991,"href":"https:\/\/www.siracusa2000.com\/index.php\/wp-json\/wp\/v2\/posts\/63988\/revisions\/63991"}],"wp:featuredmedia":[{"embeddable":true,"href":"https:\/\/www.siracusa2000.com\/index.php\/wp-json\/wp\/v2\/media\/63989"}],"wp:attachment":[{"href":"https:\/\/www.siracusa2000.com\/index.php\/wp-json\/wp\/v2\/media?parent=63988"}],"wp:term":[{"taxonomy":"category","embeddable":true,"href":"https:\/\/www.siracusa2000.com\/index.php\/wp-json\/wp\/v2\/categories?post=63988"},{"taxonomy":"post_tag","embeddable":true,"href":"https:\/\/www.siracusa2000.com\/index.php\/wp-json\/wp\/v2\/tags?post=63988"}],"curies":[{"name":"wp","href":"https:\/\/api.w.org\/{rel}","templated":true}]}}