{"id":65157,"date":"2022-01-15T13:29:48","date_gmt":"2022-01-15T12:29:48","guid":{"rendered":"https:\/\/www.siracusa2000.com\/?p=65157"},"modified":"2022-01-15T13:30:51","modified_gmt":"2022-01-15T12:30:51","slug":"aci-trezza-tornano-i-prodotti-a-km-zero-del-mercato-del-contadino-allo-scalo-di-alaggio","status":"publish","type":"post","link":"https:\/\/www.siracusa2000.com\/index.php\/2022\/01\/15\/aci-trezza-tornano-i-prodotti-a-km-zero-del-mercato-del-contadino-allo-scalo-di-alaggio\/","title":{"rendered":"Aci Trezza. Tornano i prodotti a Km. zero del &#8220;Mercato del Contadino&#8221; allo Scalo di Alaggio"},"content":{"rendered":"\n<p>Dopo lo stop di alcuni mesi, torna domani, allo <strong>Scalo di Alaggio<\/strong>, ad <strong>Aci Trezza<\/strong>, il <strong>&#8220;Mercato del Contadino&#8221;<\/strong> a chilometro zero, gestito da &#8220;<strong>Terra Sicilia<\/strong>&#8220;, associazione aggiudicataria del bando comunale, della durata di tre anni e prorogabile a cinque.<\/p>\n\n\n\n<figure class=\"wp-block-image size-full\"><img decoding=\"async\" src=\"https:\/\/www.siracusa2000.com\/wp-content\/uploads\/2022\/01\/acitrezza.png\" alt=\"\" class=\"wp-image-65144\"\/><\/figure>\n\n\n\n<p>&#8220;Una comunit\u00e0 sana \u00e8 una comunit\u00e0 che produce&#8221; &#8211; dichiara il <strong>sindaco di Aci Castello, Carmelo Scandurra<\/strong> &#8211; &#8220;e il primo modo per prenderci cura di noi stessi \u00e8, appunto, attraverso l&#8217;alimentazione&#8221;. <\/p>\n\n\n\n<p>Una concreta opportunit\u00e0, dunque, per aiutare l&#8217;economia locale, rivitalizzare il porto e dare modo ai castellesi di acquistare i prodotti dell&#8217;agricoltura locale, coniugando genuinit\u00e0 e risparmio.<\/p>\n\n\n\n<p>Ad adoperarsi per la riapertura del mercato \u00e8 stato l&#8217;<strong>assessore comunale alle Attivit\u00e0 Produttive, Orazio Sciacca,<\/strong> che ha curato il nuovo bando e che, adesso, si affida al senso di responsabilit\u00e0 dei suoi concittadini, affinch\u00e8 vengano rispettate le norme anti contagio, &#8220;nell&#8217;interesse di tutti&#8221; &#8211; raccomanda &#8211; &#8220;cittadini e produttori agricoli&#8221;.<\/p>\n\n\n\n<p>Intanto, l&#8217;Amministrazione comunale, sempre con il suo assessore alle Attivit\u00e0 Produttive, sta lavorando ad un nuovo bando, per istituire un mercatino Bio a <strong>Ficarazzi.<\/strong><\/p>\n\n\n\n<p><em>(foto: repertorio internet)<\/em><\/p>\n\n\n\n<p class=\"has-text-align-right\"><em>\u00a9 Riproduzione riservata<\/em><\/p>\n\n\n\n<figure class=\"wp-block-image size-full\"><img loading=\"lazy\" decoding=\"async\" width=\"853\" height=\"406\" src=\"https:\/\/www.siracusa2000.com\/wp-content\/uploads\/2020\/10\/weekend.jpg\" alt=\"\" class=\"wp-image-47691\" srcset=\"https:\/\/www.siracusa2000.com\/wp-content\/uploads\/2020\/10\/weekend.jpg 853w, https:\/\/www.siracusa2000.com\/wp-content\/uploads\/2020\/10\/weekend-300x143.jpg 300w, https:\/\/www.siracusa2000.com\/wp-content\/uploads\/2020\/10\/weekend-768x366.jpg 768w\" sizes=\"auto, (max-width: 853px) 100vw, 853px\" \/><\/figure>\n","protected":false},"excerpt":{"rendered":"<p>Dopo lo stop di alcuni mesi, torna domani, allo Scalo di Alaggio, ad Aci Trezza, il &#8220;Mercato del Contadino&#8221; a chilometro zero, gestito da &#8220;Terra Sicilia&#8220;, associazione aggiudicataria del bando comunale, della durata di tre anni e prorogabile a cinque. <a href=\"https:\/\/www.siracusa2000.com\/index.php\/2022\/01\/15\/aci-trezza-tornano-i-prodotti-a-km-zero-del-mercato-del-contadino-allo-scalo-di-alaggio\/\" class=\"read-more\">Leggi Tutto &#8230;<\/a><\/p>\n","protected":false},"author":1,"featured_media":0,"comment_status":"closed","ping_status":"closed","sticky":true,"template":"","format":"standard","meta":{"footnotes":""},"categories":[9],"tags":[],"class_list":["post-65157","post","type-post","status-publish","format-standard","hentry","category-fuori-provincia"],"_links":{"self":[{"href":"https:\/\/www.siracusa2000.com\/index.php\/wp-json\/wp\/v2\/posts\/65157","targetHints":{"allow":["GET"]}}],"collection":[{"href":"https:\/\/www.siracusa2000.com\/index.php\/wp-json\/wp\/v2\/posts"}],"about":[{"href":"https:\/\/www.siracusa2000.com\/index.php\/wp-json\/wp\/v2\/types\/post"}],"author":[{"embeddable":true,"href":"https:\/\/www.siracusa2000.com\/index.php\/wp-json\/wp\/v2\/users\/1"}],"replies":[{"embeddable":true,"href":"https:\/\/www.siracusa2000.com\/index.php\/wp-json\/wp\/v2\/comments?post=65157"}],"version-history":[{"count":2,"href":"https:\/\/www.siracusa2000.com\/index.php\/wp-json\/wp\/v2\/posts\/65157\/revisions"}],"predecessor-version":[{"id":65159,"href":"https:\/\/www.siracusa2000.com\/index.php\/wp-json\/wp\/v2\/posts\/65157\/revisions\/65159"}],"wp:attachment":[{"href":"https:\/\/www.siracusa2000.com\/index.php\/wp-json\/wp\/v2\/media?parent=65157"}],"wp:term":[{"taxonomy":"category","embeddable":true,"href":"https:\/\/www.siracusa2000.com\/index.php\/wp-json\/wp\/v2\/categories?post=65157"},{"taxonomy":"post_tag","embeddable":true,"href":"https:\/\/www.siracusa2000.com\/index.php\/wp-json\/wp\/v2\/tags?post=65157"}],"curies":[{"name":"wp","href":"https:\/\/api.w.org\/{rel}","templated":true}]}}