{"id":66565,"date":"2022-03-07T07:39:00","date_gmt":"2022-03-07T06:39:00","guid":{"rendered":"https:\/\/www.siracusa2000.com\/?p=66565"},"modified":"2022-03-06T17:41:05","modified_gmt":"2022-03-06T16:41:05","slug":"siracusa-la-storia-di-eligia-e-giulia-raccontata-in-un-libro-sara-presentato-domani","status":"publish","type":"post","link":"https:\/\/www.siracusa2000.com\/index.php\/2022\/03\/07\/siracusa-la-storia-di-eligia-e-giulia-raccontata-in-un-libro-sara-presentato-domani\/","title":{"rendered":"Siracusa. La storia di Eligia e Giulia raccontata in un libro, sar\u00e0 presentato domani"},"content":{"rendered":"\n<div class=\"wp-block-image\"><figure class=\"aligncenter size-full\"><img loading=\"lazy\" decoding=\"async\" width=\"751\" height=\"398\" src=\"https:\/\/www.siracusa2000.com\/wp-content\/uploads\/2022\/03\/libro-1.png\" alt=\"\" class=\"wp-image-66566\" srcset=\"https:\/\/www.siracusa2000.com\/wp-content\/uploads\/2022\/03\/libro-1.png 751w, https:\/\/www.siracusa2000.com\/wp-content\/uploads\/2022\/03\/libro-1-300x159.png 300w\" sizes=\"auto, (max-width: 751px) 100vw, 751px\" \/><\/figure><\/div>\n\n\n\n<p>Sar\u00e0 presentato domani ( la giornata non \u00e8 stata scelta a caso) alle ore 17,al plesso di<strong> via Calatabiano <\/strong>dell\u2019<strong>Istituto Comprensivo \u201cArchia\u201d <\/strong>di<strong> Siracusa<\/strong>, <em>\u201c<\/em><strong>Eligia e Giulia: storia di due vite spezzate\u201d.<\/strong><\/p>\n\n\n\n<p>Scritto a quattro mani dal giornalista <strong>Francesco Nania<\/strong> e da <strong>Agatino Ardita,<\/strong> padre e nonno delle sfortunate Eligia e Giulia, il volume racconta la tragica storia di femminicidio, che ha visto vittime la 35enne infermiera siracusana e la bimba che portava in grembo.<\/p>\n\n\n\n<p>Oltre alla cronaca della tragedia, consumatasi la sera del 19 gennaio 2015, gli autori trattano anche dell\u2019inchiesta giudiziaria e del processo, che si \u00e8 concluso con la condanna al massimo della pena del marito e padre delle vittime.<\/p>\n\n\n\n<p>\u201cEligia \u00e8 stata il punto di riferimento della nostra famiglia\u201d \u2013 dice <strong>Agatino Ardita<\/strong> \u2013 raccontarla in un libro \u00e8 stato per me come riportarla in vita attraverso il ricordo di ci\u00f2 che ha fatto e che \u00e8 rimasto nel cuore di tanta gente di cui si \u00e8 occupata\u201d.<\/p>\n\n\n\n<p>L\u2019incontro, moderato dalla giornalista <strong>Alessia Zeferino<\/strong>, vedr\u00e0 gli interventi di <strong>Luisa Ardita<\/strong>, sorella di Eligia e zia di Giulia, e degli avvocati <strong>Loredana Battaglia<\/strong> e <strong>Francesco Villardita,<\/strong> che hanno patrocinato le parti civili al processo. Concludono i due autori.<\/p>\n\n\n\n<p><em>(foto: repertorio internet)<\/em><\/p>\n\n\n\n<p class=\"has-text-align-right\"><em>\u00a9 Riproduzione riservata<\/em><\/p>\n\n\n\n<figure class=\"wp-block-image size-full\"><img loading=\"lazy\" decoding=\"async\" width=\"926\" height=\"419\" src=\"https:\/\/www.siracusa2000.com\/wp-content\/uploads\/2021\/04\/banner-meteo-weekend.png\" alt=\"\" class=\"wp-image-55152\" srcset=\"https:\/\/www.siracusa2000.com\/wp-content\/uploads\/2021\/04\/banner-meteo-weekend.png 926w, https:\/\/www.siracusa2000.com\/wp-content\/uploads\/2021\/04\/banner-meteo-weekend-300x136.png 300w, https:\/\/www.siracusa2000.com\/wp-content\/uploads\/2021\/04\/banner-meteo-weekend-768x348.png 768w\" sizes=\"auto, (max-width: 926px) 100vw, 926px\" \/><\/figure>\n","protected":false},"excerpt":{"rendered":"<p>Sar\u00e0 presentato domani ( la giornata non \u00e8 stata scelta a caso) alle ore 17,al plesso di via Calatabiano dell\u2019Istituto Comprensivo \u201cArchia\u201d di Siracusa, \u201cEligia e Giulia: storia di due vite spezzate\u201d. Scritto a quattro mani dal giornalista Francesco Nania <a href=\"https:\/\/www.siracusa2000.com\/index.php\/2022\/03\/07\/siracusa-la-storia-di-eligia-e-giulia-raccontata-in-un-libro-sara-presentato-domani\/\" class=\"read-more\">Leggi Tutto &#8230;<\/a><\/p>\n","protected":false},"author":1,"featured_media":66566,"comment_status":"closed","ping_status":"closed","sticky":true,"template":"","format":"standard","meta":{"footnotes":""},"categories":[7],"tags":[],"class_list":["post-66565","post","type-post","status-publish","format-standard","has-post-thumbnail","hentry","category-citta"],"_links":{"self":[{"href":"https:\/\/www.siracusa2000.com\/index.php\/wp-json\/wp\/v2\/posts\/66565","targetHints":{"allow":["GET"]}}],"collection":[{"href":"https:\/\/www.siracusa2000.com\/index.php\/wp-json\/wp\/v2\/posts"}],"about":[{"href":"https:\/\/www.siracusa2000.com\/index.php\/wp-json\/wp\/v2\/types\/post"}],"author":[{"embeddable":true,"href":"https:\/\/www.siracusa2000.com\/index.php\/wp-json\/wp\/v2\/users\/1"}],"replies":[{"embeddable":true,"href":"https:\/\/www.siracusa2000.com\/index.php\/wp-json\/wp\/v2\/comments?post=66565"}],"version-history":[{"count":1,"href":"https:\/\/www.siracusa2000.com\/index.php\/wp-json\/wp\/v2\/posts\/66565\/revisions"}],"predecessor-version":[{"id":66567,"href":"https:\/\/www.siracusa2000.com\/index.php\/wp-json\/wp\/v2\/posts\/66565\/revisions\/66567"}],"wp:featuredmedia":[{"embeddable":true,"href":"https:\/\/www.siracusa2000.com\/index.php\/wp-json\/wp\/v2\/media\/66566"}],"wp:attachment":[{"href":"https:\/\/www.siracusa2000.com\/index.php\/wp-json\/wp\/v2\/media?parent=66565"}],"wp:term":[{"taxonomy":"category","embeddable":true,"href":"https:\/\/www.siracusa2000.com\/index.php\/wp-json\/wp\/v2\/categories?post=66565"},{"taxonomy":"post_tag","embeddable":true,"href":"https:\/\/www.siracusa2000.com\/index.php\/wp-json\/wp\/v2\/tags?post=66565"}],"curies":[{"name":"wp","href":"https:\/\/api.w.org\/{rel}","templated":true}]}}