{"id":67335,"date":"2022-03-29T17:43:46","date_gmt":"2022-03-29T15:43:46","guid":{"rendered":"https:\/\/www.siracusa2000.com\/?p=67335"},"modified":"2022-03-29T17:43:49","modified_gmt":"2022-03-29T15:43:49","slug":"siracusa-unesperienza-da-ripetere-il-missio-fest-condivisione-formazione-e-preghiera","status":"publish","type":"post","link":"https:\/\/www.siracusa2000.com\/index.php\/2022\/03\/29\/siracusa-unesperienza-da-ripetere-il-missio-fest-condivisione-formazione-e-preghiera\/","title":{"rendered":"Siracusa. Un&#8217;esperienza da ripetere il &#8220;Missio Fest&#8221;. Condivisione, formazione e preghiera"},"content":{"rendered":"\n<p>Testimonianze, preghiera, condivisione, gioia e dono di s\u00e9. Tutto questo, e molto di pi\u00f9, \u00e8 stato il \u201c<strong>Missio Fest<\/strong>\u201d che si \u00e8 svolto nel fine settimana tra la <strong>Chiesa Cattedrale di Siracusa,<\/strong> <strong>piazza Minerva <\/strong>ed altre chiese del centro storico<strong>.<\/strong><\/p>\n\n\n\n<p>Promosso dal <strong>Centro Missionario Diocesano<\/strong>, in collaborazione con il <strong>CSI<\/strong> e in sinergia con altri uffici diocesani, l\u2019evento ha rappresentato la conclusione di un percorso avviato il 20 febbraio con un momento di formazione, proseguito sabato con la <strong>Veglia di preghiera<\/strong> in memoria dei missionari martiri, &nbsp;animata del gruppo \u201c<strong>Missionari Madonna delle Lacrime<\/strong>\u201d.<\/p>\n\n\n\n<figure class=\"wp-block-image size-large\"><img loading=\"lazy\" decoding=\"async\" width=\"1024\" height=\"572\" src=\"https:\/\/www.siracusa2000.com\/wp-content\/uploads\/2022\/03\/missiofest-1024x572.png\" alt=\"\" class=\"wp-image-67336\" srcset=\"https:\/\/www.siracusa2000.com\/wp-content\/uploads\/2022\/03\/missiofest-1024x572.png 1024w, https:\/\/www.siracusa2000.com\/wp-content\/uploads\/2022\/03\/missiofest-300x168.png 300w, https:\/\/www.siracusa2000.com\/wp-content\/uploads\/2022\/03\/missiofest-768x429.png 768w, https:\/\/www.siracusa2000.com\/wp-content\/uploads\/2022\/03\/missiofest.png 1044w\" sizes=\"auto, (max-width: 1024px) 100vw, 1024px\" \/><\/figure>\n\n\n\n<p>Il &nbsp;\u201c<strong>Missio Fest<\/strong>\u201d ha coinvolto <strong>piazza Minerva<\/strong> e la <strong>chiesa di San Martino Vescovo<\/strong>, inglobando nel percorso le chiese di <strong>Santa Maria della Concezione, San Benedetto<\/strong> e <strong>San Giuseppe<\/strong>, luoghi che, per l\u2019occasione, sono diventati il \u201c<strong>Villaggio della Missione\u201d.<\/strong><\/p>\n\n\n\n<p>Per potersi orientare all\u2019interno di questo villaggio, ciascuno dei &nbsp;partecipanti ha ricevuto una barchetta di carta contenente una mappa di <strong>Ortigia.<\/strong><\/p>\n\n\n\n<p>In ogni tappa, un testimone della missione: i <strong>padri e fratelli maristi<\/strong>, che si occupano di educazione; la <strong>comunit\u00e0 intercongregazionale di Modica<\/strong>; i <strong>coniugi Gabriella e Roberto Ugolini<\/strong> che, insieme alla figlia Costanza, sono stati per vent&#8217;anni Fidei Donum in <strong>Turchia.<\/strong><br>Ospiti in queste giornate <strong>don Marco Testa, direttore del CUM di Verona<\/strong>, e <strong>don Valerio Bersano segretario nazionale delle Pontificie Opere Missionarie.<br><\/strong>Testimonianze, preghiera, condivisione ma anche teatro con gli attori del \u201c<strong>V.A.N. Verso Altre Narrazioni\u201d,<\/strong> \u00a0che hanno regalato un messaggio contro la guerra, e musica, con i \u201c<strong>Basic\u201d<\/strong>, <strong>rock band <\/strong>\u00a0di <strong>Augusta<\/strong>, che hanno accompagnato i presenti in un viaggio ideale attraverso le cover musicali.<\/p>\n\n\n\n<p>Spazio anche allo sport, con la \u201c<strong>Missio Cup<\/strong>\u201d, torneo di calcio a 5 organizzato dal <strong>CSI,<\/strong> che si \u00e8 disputato nei campetti del <strong>CSI <\/strong>di <strong>via Bengasi.<\/strong><\/p>\n\n\n\n<p>A chiudere la due giorni, la celebrazione eucaristica in <strong>Cattedrale<\/strong>, presieduta dall\u2019<strong>arcivescovo di Siracusa, mons. Francesco Lomanto.<\/strong><\/p>\n\n\n\n<p>(<em>foto: una delle tappe del \u201cVillaggio della Missione\u201d)<\/em><\/p>\n\n\n\n<p class=\"has-text-align-right\"><em>\u00a9 Riproduzione riservata<\/em><\/p>\n\n\n\n<figure class=\"wp-block-image size-large\"><img loading=\"lazy\" decoding=\"async\" width=\"1024\" height=\"172\" src=\"https:\/\/www.siracusa2000.com\/wp-content\/uploads\/2020\/10\/banner-diretta-santa-messa-1024x172.jpg\" alt=\"\" class=\"wp-image-47982\" srcset=\"https:\/\/www.siracusa2000.com\/wp-content\/uploads\/2020\/10\/banner-diretta-santa-messa-1024x172.jpg 1024w, https:\/\/www.siracusa2000.com\/wp-content\/uploads\/2020\/10\/banner-diretta-santa-messa-300x50.jpg 300w, https:\/\/www.siracusa2000.com\/wp-content\/uploads\/2020\/10\/banner-diretta-santa-messa-768x129.jpg 768w, https:\/\/www.siracusa2000.com\/wp-content\/uploads\/2020\/10\/banner-diretta-santa-messa.jpg 1030w\" sizes=\"auto, (max-width: 1024px) 100vw, 1024px\" \/><\/figure>\n","protected":false},"excerpt":{"rendered":"<p>Testimonianze, preghiera, condivisione, gioia e dono di s\u00e9. Tutto questo, e molto di pi\u00f9, \u00e8 stato il \u201cMissio Fest\u201d che si \u00e8 svolto nel fine settimana tra la Chiesa Cattedrale di Siracusa, piazza Minerva ed altre chiese del centro storico. <a href=\"https:\/\/www.siracusa2000.com\/index.php\/2022\/03\/29\/siracusa-unesperienza-da-ripetere-il-missio-fest-condivisione-formazione-e-preghiera\/\" class=\"read-more\">Leggi Tutto &#8230;<\/a><\/p>\n","protected":false},"author":1,"featured_media":67336,"comment_status":"closed","ping_status":"closed","sticky":true,"template":"","format":"standard","meta":{"footnotes":""},"categories":[11],"tags":[],"class_list":["post-67335","post","type-post","status-publish","format-standard","has-post-thumbnail","hentry","category-attualita"],"_links":{"self":[{"href":"https:\/\/www.siracusa2000.com\/index.php\/wp-json\/wp\/v2\/posts\/67335","targetHints":{"allow":["GET"]}}],"collection":[{"href":"https:\/\/www.siracusa2000.com\/index.php\/wp-json\/wp\/v2\/posts"}],"about":[{"href":"https:\/\/www.siracusa2000.com\/index.php\/wp-json\/wp\/v2\/types\/post"}],"author":[{"embeddable":true,"href":"https:\/\/www.siracusa2000.com\/index.php\/wp-json\/wp\/v2\/users\/1"}],"replies":[{"embeddable":true,"href":"https:\/\/www.siracusa2000.com\/index.php\/wp-json\/wp\/v2\/comments?post=67335"}],"version-history":[{"count":1,"href":"https:\/\/www.siracusa2000.com\/index.php\/wp-json\/wp\/v2\/posts\/67335\/revisions"}],"predecessor-version":[{"id":67337,"href":"https:\/\/www.siracusa2000.com\/index.php\/wp-json\/wp\/v2\/posts\/67335\/revisions\/67337"}],"wp:featuredmedia":[{"embeddable":true,"href":"https:\/\/www.siracusa2000.com\/index.php\/wp-json\/wp\/v2\/media\/67336"}],"wp:attachment":[{"href":"https:\/\/www.siracusa2000.com\/index.php\/wp-json\/wp\/v2\/media?parent=67335"}],"wp:term":[{"taxonomy":"category","embeddable":true,"href":"https:\/\/www.siracusa2000.com\/index.php\/wp-json\/wp\/v2\/categories?post=67335"},{"taxonomy":"post_tag","embeddable":true,"href":"https:\/\/www.siracusa2000.com\/index.php\/wp-json\/wp\/v2\/tags?post=67335"}],"curies":[{"name":"wp","href":"https:\/\/api.w.org\/{rel}","templated":true}]}}