{"id":67338,"date":"2022-03-29T18:06:56","date_gmt":"2022-03-29T16:06:56","guid":{"rendered":"https:\/\/www.siracusa2000.com\/?p=67338"},"modified":"2022-03-29T18:06:59","modified_gmt":"2022-03-29T16:06:59","slug":"agricoltura-graziano-scardino-eletto-presidente-regionale-della-cia-difendere-il-reddito","status":"publish","type":"post","link":"https:\/\/www.siracusa2000.com\/index.php\/2022\/03\/29\/agricoltura-graziano-scardino-eletto-presidente-regionale-della-cia-difendere-il-reddito\/","title":{"rendered":"Agricoltura. Graziano Scardino eletto presidente regionale della Cia. &#8220;Difendere il reddito&#8221;"},"content":{"rendered":"\n<figure class=\"wp-block-image size-full\"><img loading=\"lazy\" decoding=\"async\" width=\"976\" height=\"586\" src=\"https:\/\/www.siracusa2000.com\/wp-content\/uploads\/2022\/03\/graziano.png\" alt=\"\" class=\"wp-image-67341\" srcset=\"https:\/\/www.siracusa2000.com\/wp-content\/uploads\/2022\/03\/graziano.png 976w, https:\/\/www.siracusa2000.com\/wp-content\/uploads\/2022\/03\/graziano-300x180.png 300w, https:\/\/www.siracusa2000.com\/wp-content\/uploads\/2022\/03\/graziano-768x461.png 768w\" sizes=\"auto, (max-width: 976px) 100vw, 976px\" \/><\/figure>\n\n\n\n<p>L\u2019imprenditore agricolo <strong>Graziano Scardino<\/strong> \u00e8 il nuovo presidente regionale della <strong>Cia-Agricoltori Italiani.<\/strong> 55 anni, agronomo, gi\u00e0 dirigente regionale e nazionale della <strong>Cia,<\/strong> subentra a <strong>Rosa Giovanna Castagna,<\/strong> che \u00e8 stata al vertice della Confederazione negli ultimi otto anni.<\/p>\n\n\n\n<p>Prioritaria per il neo presidente \u00e8 la difesa del reddito delle imprese agricole siciliane, \u201cagendo\u201d \u2013 ha spiegato \u2013 \u201csia sul fronte dell\u2019eccessivo e speculativo costo delle materie prime che su quello del prezzo di vendita molto spesso non direttamente proporzionale ai costi di produzione\u201d.<\/p>\n\n\n\n<p>\u201cChiediamo all\u2019<strong>assessore Scilla\u201d <\/strong>\u2013 ha detto- \u201cdi concertare e affrontare i problemi dei singoli comparti produttivi, dei bandi del PSR, riconoscendo alla confederazione il legittimo ruolo di rappresentanza, di lobby sana e positiva, di corpo intermedio delle imprese agricole\u201d.<\/p>\n\n\n\n<p>Al nuovo presidente regionale della Cia, gli auguri di buon lavoro di Rosa Giovanna Castagna.<\/p>\n\n\n\n<p>L\u2019elezione \u00e8 avvenuta per acclamazione, nel corso dell\u2019assemblea regionale che si \u00e8 riunita, oggi, ad Enna.<\/p>\n\n\n\n<p><em>(foto: il nuovo presidente regionale della Cia, I. Scardino)<\/em><\/p>\n\n\n\n<p class=\"has-text-align-right\"><em>\u00a9 Riproduzione riservata<\/em><\/p>\n\n\n\n<figure class=\"wp-block-image size-large\"><img loading=\"lazy\" decoding=\"async\" width=\"1024\" height=\"184\" src=\"https:\/\/www.siracusa2000.com\/wp-content\/uploads\/2020\/12\/negozi-vicinato-1024x184.png\" alt=\"\" class=\"wp-image-49602\" srcset=\"https:\/\/www.siracusa2000.com\/wp-content\/uploads\/2020\/12\/negozi-vicinato-1024x184.png 1024w, https:\/\/www.siracusa2000.com\/wp-content\/uploads\/2020\/12\/negozi-vicinato-300x54.png 300w, https:\/\/www.siracusa2000.com\/wp-content\/uploads\/2020\/12\/negozi-vicinato-768x138.png 768w, https:\/\/www.siracusa2000.com\/wp-content\/uploads\/2020\/12\/negozi-vicinato.png 1094w\" sizes=\"auto, (max-width: 1024px) 100vw, 1024px\" \/><\/figure>\n\n\n\n<p>.<br><br><\/p>\n","protected":false},"excerpt":{"rendered":"<p>L\u2019imprenditore agricolo Graziano Scardino \u00e8 il nuovo presidente regionale della Cia-Agricoltori Italiani. 55 anni, agronomo, gi\u00e0 dirigente regionale e nazionale della Cia, subentra a Rosa Giovanna Castagna, che \u00e8 stata al vertice della Confederazione negli ultimi otto anni. Prioritaria per <a href=\"https:\/\/www.siracusa2000.com\/index.php\/2022\/03\/29\/agricoltura-graziano-scardino-eletto-presidente-regionale-della-cia-difendere-il-reddito\/\" class=\"read-more\">Leggi Tutto &#8230;<\/a><\/p>\n","protected":false},"author":1,"featured_media":67341,"comment_status":"closed","ping_status":"closed","sticky":true,"template":"","format":"standard","meta":{"footnotes":""},"categories":[10],"tags":[],"class_list":["post-67338","post","type-post","status-publish","format-standard","has-post-thumbnail","hentry","category-politica"],"_links":{"self":[{"href":"https:\/\/www.siracusa2000.com\/index.php\/wp-json\/wp\/v2\/posts\/67338","targetHints":{"allow":["GET"]}}],"collection":[{"href":"https:\/\/www.siracusa2000.com\/index.php\/wp-json\/wp\/v2\/posts"}],"about":[{"href":"https:\/\/www.siracusa2000.com\/index.php\/wp-json\/wp\/v2\/types\/post"}],"author":[{"embeddable":true,"href":"https:\/\/www.siracusa2000.com\/index.php\/wp-json\/wp\/v2\/users\/1"}],"replies":[{"embeddable":true,"href":"https:\/\/www.siracusa2000.com\/index.php\/wp-json\/wp\/v2\/comments?post=67338"}],"version-history":[{"count":1,"href":"https:\/\/www.siracusa2000.com\/index.php\/wp-json\/wp\/v2\/posts\/67338\/revisions"}],"predecessor-version":[{"id":67342,"href":"https:\/\/www.siracusa2000.com\/index.php\/wp-json\/wp\/v2\/posts\/67338\/revisions\/67342"}],"wp:featuredmedia":[{"embeddable":true,"href":"https:\/\/www.siracusa2000.com\/index.php\/wp-json\/wp\/v2\/media\/67341"}],"wp:attachment":[{"href":"https:\/\/www.siracusa2000.com\/index.php\/wp-json\/wp\/v2\/media?parent=67338"}],"wp:term":[{"taxonomy":"category","embeddable":true,"href":"https:\/\/www.siracusa2000.com\/index.php\/wp-json\/wp\/v2\/categories?post=67338"},{"taxonomy":"post_tag","embeddable":true,"href":"https:\/\/www.siracusa2000.com\/index.php\/wp-json\/wp\/v2\/tags?post=67338"}],"curies":[{"name":"wp","href":"https:\/\/api.w.org\/{rel}","templated":true}]}}