{"id":67343,"date":"2022-03-29T18:33:14","date_gmt":"2022-03-29T16:33:14","guid":{"rendered":"https:\/\/www.siracusa2000.com\/?p=67343"},"modified":"2022-03-29T18:33:17","modified_gmt":"2022-03-29T16:33:17","slug":"caltagirone-presto-il-gemellaggio-con-genova-incontro-tra-i-sindaci-delle-due-citta","status":"publish","type":"post","link":"https:\/\/www.siracusa2000.com\/index.php\/2022\/03\/29\/caltagirone-presto-il-gemellaggio-con-genova-incontro-tra-i-sindaci-delle-due-citta\/","title":{"rendered":"Caltagirone. Presto il gemellaggio con Genova, incontro tra i sindaci delle due citt\u00e0"},"content":{"rendered":"\n<figure class=\"wp-block-image size-large\"><img loading=\"lazy\" decoding=\"async\" width=\"1024\" height=\"706\" src=\"https:\/\/www.siracusa2000.com\/wp-content\/uploads\/2022\/03\/gemelalggio-1024x706.png\" alt=\"\" class=\"wp-image-67344\" srcset=\"https:\/\/www.siracusa2000.com\/wp-content\/uploads\/2022\/03\/gemelalggio-1024x706.png 1024w, https:\/\/www.siracusa2000.com\/wp-content\/uploads\/2022\/03\/gemelalggio-300x207.png 300w, https:\/\/www.siracusa2000.com\/wp-content\/uploads\/2022\/03\/gemelalggio-768x529.png 768w, https:\/\/www.siracusa2000.com\/wp-content\/uploads\/2022\/03\/gemelalggio.png 1027w\" sizes=\"auto, (max-width: 1024px) 100vw, 1024px\" \/><\/figure>\n\n\n\n<p>La <strong>Croce di San Giorgio<\/strong> nello stemma di Caltagirone che si richiama all\u2019insegna del <strong>Comune di Genova<\/strong>, la <strong>Chiesa di San Giorgio<\/strong> con la <strong>Torre dei Genoves<\/strong>i, i \u201c<strong>carruggi<\/strong>\u201d, tipici vicoli di origine genovese di cui \u00e8 costellato il centro storico di <strong>Caltagirone.<\/strong> Sono tutti elementi in comune tra <strong>Genova<\/strong> e <strong>Caltagirone<\/strong>, che hanno avviato un percorso di collaborazione per giungere, presto, ad un rapporto di gemellaggio.<\/p>\n\n\n\n<p>Questa mattina, il sindaco del capoluogo ligure, <strong>Marco Bucci,<\/strong> ha ricevuto il collega di <strong>Caltagirone, Fabio Roccuzzo<\/strong>, con il quale ha parlato proprio dell\u2019instaurazione di rapporti culturali e commerciali tra le due citt\u00e0.<\/p>\n\n\n\n<p>A tale scopo, come spiega il <strong>sindaco di Caltagirone<\/strong>, sar\u00e0 istituito un apposito tavolo tecnico, dove siederanno gli assessori alla Cultura delle due citt\u00e0.<\/p>\n\n\n\n<p>\u201cPromuovere <strong>Caltagirone <\/strong>e aprire nuovi spazi di mercato turistico\u201d \u2013 continua <strong>Fabio Roccuzzo<\/strong> \u2013 \u201c\u00e8 di fondamentale importanza per la nostra comunit\u00e0. Il tema della case a un euro, la promozione della ceramica, l&#8217;offerta culturale di due citt\u00e0 patrimonio dell&#8217;umanit\u00e0 in una dimensione di reciprocit\u00e0 \u2013 conclude il sindaco \u2013 \u201csono certo che porteranno benefici al comparto del turismo e non solo\u201d.<\/p>\n\n\n\n<p>Secondo quanto riportato dai libri di storia, tra il 1030 e il 1040, i mercenari di <strong>Genova,<\/strong> contribuirono alla liberazione di <strong>Caltagirone<\/strong>, che era stata assediata dagli arabi, e furono i genovesi a consegnare le chiavi della citt\u00e0 al <strong>Conte Ruggero.<\/strong><\/p>\n\n\n\n<p><em>(foto: da sinistra, il sindaco di Genova, M. Bucci, ed il sindaco di Caltagirone, F. Roccuzzo)<\/em><\/p>\n\n\n\n<p class=\"has-text-align-right\"><em>\u00a9 Riproduzione riservata<\/em><\/p>\n\n\n\n<div class=\"wp-block-image\"><figure class=\"aligncenter size-full\"><img loading=\"lazy\" decoding=\"async\" width=\"720\" height=\"159\" src=\"https:\/\/www.siracusa2000.com\/wp-content\/uploads\/2021\/01\/banner-meteo.png\" alt=\"\" class=\"wp-image-51132\" srcset=\"https:\/\/www.siracusa2000.com\/wp-content\/uploads\/2021\/01\/banner-meteo.png 720w, https:\/\/www.siracusa2000.com\/wp-content\/uploads\/2021\/01\/banner-meteo-300x66.png 300w\" sizes=\"auto, (max-width: 720px) 100vw, 720px\" \/><\/figure><\/div>\n","protected":false},"excerpt":{"rendered":"<p>La Croce di San Giorgio nello stemma di Caltagirone che si richiama all\u2019insegna del Comune di Genova, la Chiesa di San Giorgio con la Torre dei Genovesi, i \u201ccarruggi\u201d, tipici vicoli di origine genovese di cui \u00e8 costellato il centro <a href=\"https:\/\/www.siracusa2000.com\/index.php\/2022\/03\/29\/caltagirone-presto-il-gemellaggio-con-genova-incontro-tra-i-sindaci-delle-due-citta\/\" class=\"read-more\">Leggi Tutto &#8230;<\/a><\/p>\n","protected":false},"author":1,"featured_media":67344,"comment_status":"closed","ping_status":"closed","sticky":true,"template":"","format":"standard","meta":{"footnotes":""},"categories":[9],"tags":[],"class_list":["post-67343","post","type-post","status-publish","format-standard","has-post-thumbnail","hentry","category-fuori-provincia"],"_links":{"self":[{"href":"https:\/\/www.siracusa2000.com\/index.php\/wp-json\/wp\/v2\/posts\/67343","targetHints":{"allow":["GET"]}}],"collection":[{"href":"https:\/\/www.siracusa2000.com\/index.php\/wp-json\/wp\/v2\/posts"}],"about":[{"href":"https:\/\/www.siracusa2000.com\/index.php\/wp-json\/wp\/v2\/types\/post"}],"author":[{"embeddable":true,"href":"https:\/\/www.siracusa2000.com\/index.php\/wp-json\/wp\/v2\/users\/1"}],"replies":[{"embeddable":true,"href":"https:\/\/www.siracusa2000.com\/index.php\/wp-json\/wp\/v2\/comments?post=67343"}],"version-history":[{"count":1,"href":"https:\/\/www.siracusa2000.com\/index.php\/wp-json\/wp\/v2\/posts\/67343\/revisions"}],"predecessor-version":[{"id":67345,"href":"https:\/\/www.siracusa2000.com\/index.php\/wp-json\/wp\/v2\/posts\/67343\/revisions\/67345"}],"wp:featuredmedia":[{"embeddable":true,"href":"https:\/\/www.siracusa2000.com\/index.php\/wp-json\/wp\/v2\/media\/67344"}],"wp:attachment":[{"href":"https:\/\/www.siracusa2000.com\/index.php\/wp-json\/wp\/v2\/media?parent=67343"}],"wp:term":[{"taxonomy":"category","embeddable":true,"href":"https:\/\/www.siracusa2000.com\/index.php\/wp-json\/wp\/v2\/categories?post=67343"},{"taxonomy":"post_tag","embeddable":true,"href":"https:\/\/www.siracusa2000.com\/index.php\/wp-json\/wp\/v2\/tags?post=67343"}],"curies":[{"name":"wp","href":"https:\/\/api.w.org\/{rel}","templated":true}]}}