{"id":67417,"date":"2022-03-31T20:14:08","date_gmt":"2022-03-31T18:14:08","guid":{"rendered":"https:\/\/www.siracusa2000.com\/?p=67417"},"modified":"2022-03-31T20:14:10","modified_gmt":"2022-03-31T18:14:10","slug":"siracusa-rifiuti-il-comune-attiva-altri-due-ccr-mobili-buccheri-cosi-ridurremo-i-disagi","status":"publish","type":"post","link":"https:\/\/www.siracusa2000.com\/index.php\/2022\/03\/31\/siracusa-rifiuti-il-comune-attiva-altri-due-ccr-mobili-buccheri-cosi-ridurremo-i-disagi\/","title":{"rendered":"Siracusa. Rifiuti, il Comune attiva altri due CCR mobili, Buccheri: cos\u00ec ridurremo i disagi"},"content":{"rendered":"\n<figure class=\"wp-block-image size-large\"><img loading=\"lazy\" decoding=\"async\" width=\"1024\" height=\"536\" src=\"https:\/\/www.siracusa2000.com\/wp-content\/uploads\/2022\/03\/ccr1-1024x536.png\" alt=\"\" class=\"wp-image-67418\" srcset=\"https:\/\/www.siracusa2000.com\/wp-content\/uploads\/2022\/03\/ccr1-1024x536.png 1024w, https:\/\/www.siracusa2000.com\/wp-content\/uploads\/2022\/03\/ccr1-300x157.png 300w, https:\/\/www.siracusa2000.com\/wp-content\/uploads\/2022\/03\/ccr1-768x402.png 768w, https:\/\/www.siracusa2000.com\/wp-content\/uploads\/2022\/03\/ccr1.png 1121w\" sizes=\"auto, (max-width: 1024px) 100vw, 1024px\" \/><\/figure>\n\n\n\n<p>Mentre, in citt\u00e0, \u00e8 polemica dopo l\u2019annuncio della chiusura sine die del <strong>Centro Comunale di Raccolta<\/strong> di <strong>via Stentinello<\/strong>, l\u2019Amministrazione comunale corre ai ripari e attiva altri due <strong>CCR mobili<\/strong>. <\/p>\n\n\n\n<p>La soluzione \u00e8 stata adottata congiuntamente dal <strong>sindaco Italia<\/strong> e dall\u2019<strong>assessore Buccheri <\/strong>e dovrebbe servire ad alleggerire i disagi, non certo indifferenti, per i cittadini.<\/p>\n\n\n\n<p>Da domani, quindi, un <strong>Ccr mobile<\/strong> stazioner\u00e0 tutti i giorni in prossimit\u00e0 del sito chiuso di <strong>Targia<\/strong>, da marted\u00ec a sabato (ore 8-20), luned\u00ec (ore 14-20), domenica (ore 8-14), e sar\u00e0 possibile la pesatura dei rifiuti per lo sconto nella <strong>bolletta Tari.<\/strong><\/p>\n\n\n\n<p>Il secondo <strong>Ccr mobile<\/strong>, con le stesse caratteristiche, sar\u00e0, invece, nella zona del <strong>parcheggio Talete<\/strong>, dalle 15.30 alle 21.30 tutti i giorni tranne la domenica. Qui potranno conferire anche i titolari di utenze non domestiche.<\/p>\n\n\n\n<p>Resteranno regolarmente operativi i <strong>Ccr mobili<\/strong>, compreso quello per gli sfalci, che stazionano ogni giorno in punti diversi della citt\u00e0 secondo il calendario prestabilito.<\/p>\n\n\n\n<p><strong>Palazzo Vermexio<\/strong>, intanto, fa sapere che il <strong>sindaco Francesco Italia<\/strong> ha incaricato il <strong>segretario generale, Danila Costa,<\/strong> di avviare un accertamento interno, al fine di verificare le ragioni dell\u2019accaduto e se vi sono eventuali responsabilit\u00e0.<\/p>\n\n\n\n<p><em>(foto: archivio siracusa2000)<\/em><\/p>\n\n\n\n<p class=\"has-text-align-right\"><em>\u00a9 Riproduzione riservata<\/em><\/p>\n\n\n\n<figure class=\"wp-block-image size-large\"><img loading=\"lazy\" decoding=\"async\" width=\"1024\" height=\"312\" src=\"https:\/\/www.siracusa2000.com\/wp-content\/uploads\/2021\/10\/campagna-antiracket-1024x312.png\" alt=\"\" class=\"wp-image-62416\" srcset=\"https:\/\/www.siracusa2000.com\/wp-content\/uploads\/2021\/10\/campagna-antiracket-1024x312.png 1024w, https:\/\/www.siracusa2000.com\/wp-content\/uploads\/2021\/10\/campagna-antiracket-300x91.png 300w, https:\/\/www.siracusa2000.com\/wp-content\/uploads\/2021\/10\/campagna-antiracket-768x234.png 768w, https:\/\/www.siracusa2000.com\/wp-content\/uploads\/2021\/10\/campagna-antiracket.png 1173w\" sizes=\"auto, (max-width: 1024px) 100vw, 1024px\" \/><\/figure>\n","protected":false},"excerpt":{"rendered":"<p>Mentre, in citt\u00e0, \u00e8 polemica dopo l\u2019annuncio della chiusura sine die del Centro Comunale di Raccolta di via Stentinello, l\u2019Amministrazione comunale corre ai ripari e attiva altri due CCR mobili. La soluzione \u00e8 stata adottata congiuntamente dal sindaco Italia e <a href=\"https:\/\/www.siracusa2000.com\/index.php\/2022\/03\/31\/siracusa-rifiuti-il-comune-attiva-altri-due-ccr-mobili-buccheri-cosi-ridurremo-i-disagi\/\" class=\"read-more\">Leggi Tutto &#8230;<\/a><\/p>\n","protected":false},"author":1,"featured_media":67418,"comment_status":"closed","ping_status":"closed","sticky":true,"template":"","format":"standard","meta":{"footnotes":""},"categories":[7],"tags":[],"class_list":["post-67417","post","type-post","status-publish","format-standard","has-post-thumbnail","hentry","category-citta"],"_links":{"self":[{"href":"https:\/\/www.siracusa2000.com\/index.php\/wp-json\/wp\/v2\/posts\/67417","targetHints":{"allow":["GET"]}}],"collection":[{"href":"https:\/\/www.siracusa2000.com\/index.php\/wp-json\/wp\/v2\/posts"}],"about":[{"href":"https:\/\/www.siracusa2000.com\/index.php\/wp-json\/wp\/v2\/types\/post"}],"author":[{"embeddable":true,"href":"https:\/\/www.siracusa2000.com\/index.php\/wp-json\/wp\/v2\/users\/1"}],"replies":[{"embeddable":true,"href":"https:\/\/www.siracusa2000.com\/index.php\/wp-json\/wp\/v2\/comments?post=67417"}],"version-history":[{"count":1,"href":"https:\/\/www.siracusa2000.com\/index.php\/wp-json\/wp\/v2\/posts\/67417\/revisions"}],"predecessor-version":[{"id":67419,"href":"https:\/\/www.siracusa2000.com\/index.php\/wp-json\/wp\/v2\/posts\/67417\/revisions\/67419"}],"wp:featuredmedia":[{"embeddable":true,"href":"https:\/\/www.siracusa2000.com\/index.php\/wp-json\/wp\/v2\/media\/67418"}],"wp:attachment":[{"href":"https:\/\/www.siracusa2000.com\/index.php\/wp-json\/wp\/v2\/media?parent=67417"}],"wp:term":[{"taxonomy":"category","embeddable":true,"href":"https:\/\/www.siracusa2000.com\/index.php\/wp-json\/wp\/v2\/categories?post=67417"},{"taxonomy":"post_tag","embeddable":true,"href":"https:\/\/www.siracusa2000.com\/index.php\/wp-json\/wp\/v2\/tags?post=67417"}],"curies":[{"name":"wp","href":"https:\/\/api.w.org\/{rel}","templated":true}]}}