{"id":67578,"date":"2022-04-06T10:48:00","date_gmt":"2022-04-06T08:48:00","guid":{"rendered":"https:\/\/www.siracusa2000.com\/?p=67578"},"modified":"2022-04-06T20:24:27","modified_gmt":"2022-04-06T18:24:27","slug":"siracusa-germania-accordo-commerciale-della-consulta-civica-con-appetitalia-germany","status":"publish","type":"post","link":"https:\/\/www.siracusa2000.com\/index.php\/2022\/04\/06\/siracusa-germania-accordo-commerciale-della-consulta-civica-con-appetitalia-germany\/","title":{"rendered":"Siracusa-Germania. Accordo commerciale della Consulta civica con Appetitalia Germany"},"content":{"rendered":"\n<div class=\"wp-block-image\"><figure class=\"aligncenter size-full\"><img loading=\"lazy\" decoding=\"async\" width=\"938\" height=\"507\" src=\"https:\/\/www.siracusa2000.com\/wp-content\/uploads\/2022\/04\/consulta-1.jpg\" alt=\"\" class=\"wp-image-67619\" srcset=\"https:\/\/www.siracusa2000.com\/wp-content\/uploads\/2022\/04\/consulta-1.jpg 938w, https:\/\/www.siracusa2000.com\/wp-content\/uploads\/2022\/04\/consulta-1-300x162.jpg 300w, https:\/\/www.siracusa2000.com\/wp-content\/uploads\/2022\/04\/consulta-1-768x415.jpg 768w\" sizes=\"auto, (max-width: 938px) 100vw, 938px\" \/><\/figure><\/div>\n\n\n\n<p>La ripartenza economica passa anche dalla <strong>Consulta civica,<\/strong> che ha chiuso un rapporto commerciale tra otto aziende siracusane ed il mercato tedesco, per l\u2019invio di prodotti gastronomici locali.<\/p>\n\n\n\n<p>Tutto \u00e8 partito lo scorso mese di luglio, con la firma di un accordo con <strong>Appetitalia Germany<\/strong>, che individua <strong>Siracusa<\/strong> quale sede regionale per lo stoccaggio delle merci.<\/p>\n\n\n\n<p>\u201cSull&#8217;industria della trasformazione alimentare e la costruzione di ponti commerciali con l&#8217;estero\u201d \u2013 dichiara <strong>Damiano De Simone<\/strong> \u2013 \u201cintravediamo il rilancio economico del nostro territorio, ricco di risorse naturali proprie che attendono solo di trovare pi\u00f9 attenzioni e riconoscimento\u201d.<\/p>\n\n\n\n<p>L\u2019accordo, adesso, si \u00e8 concretizzato perch\u00e9 la prima spedizione di prodotti \u00e8 in viaggio verso <strong>Francoforte.<\/strong><\/p>\n\n\n\n<p><em>(foto: il presidente della Consulta civica, D. De Simone)<\/em><\/p>\n\n\n\n<p class=\"has-text-align-right\"><em>\u00a9 Riproduzione riservata<\/em><\/p>\n\n\n\n<figure class=\"wp-block-image size-full\"><img loading=\"lazy\" decoding=\"async\" width=\"926\" height=\"419\" src=\"https:\/\/www.siracusa2000.com\/wp-content\/uploads\/2021\/04\/banner-meteo-weekend.png\" alt=\"\" class=\"wp-image-55152\" srcset=\"https:\/\/www.siracusa2000.com\/wp-content\/uploads\/2021\/04\/banner-meteo-weekend.png 926w, https:\/\/www.siracusa2000.com\/wp-content\/uploads\/2021\/04\/banner-meteo-weekend-300x136.png 300w, https:\/\/www.siracusa2000.com\/wp-content\/uploads\/2021\/04\/banner-meteo-weekend-768x348.png 768w\" sizes=\"auto, (max-width: 926px) 100vw, 926px\" \/><\/figure>\n","protected":false},"excerpt":{"rendered":"<p>La ripartenza economica passa anche dalla Consulta civica, che ha chiuso un rapporto commerciale tra otto aziende siracusane ed il mercato tedesco, per l\u2019invio di prodotti gastronomici locali. Tutto \u00e8 partito lo scorso mese di luglio, con la firma di <a href=\"https:\/\/www.siracusa2000.com\/index.php\/2022\/04\/06\/siracusa-germania-accordo-commerciale-della-consulta-civica-con-appetitalia-germany\/\" class=\"read-more\">Leggi Tutto &#8230;<\/a><\/p>\n","protected":false},"author":1,"featured_media":67619,"comment_status":"closed","ping_status":"closed","sticky":true,"template":"","format":"standard","meta":{"footnotes":""},"categories":[7],"tags":[],"class_list":["post-67578","post","type-post","status-publish","format-standard","has-post-thumbnail","hentry","category-citta"],"_links":{"self":[{"href":"https:\/\/www.siracusa2000.com\/index.php\/wp-json\/wp\/v2\/posts\/67578","targetHints":{"allow":["GET"]}}],"collection":[{"href":"https:\/\/www.siracusa2000.com\/index.php\/wp-json\/wp\/v2\/posts"}],"about":[{"href":"https:\/\/www.siracusa2000.com\/index.php\/wp-json\/wp\/v2\/types\/post"}],"author":[{"embeddable":true,"href":"https:\/\/www.siracusa2000.com\/index.php\/wp-json\/wp\/v2\/users\/1"}],"replies":[{"embeddable":true,"href":"https:\/\/www.siracusa2000.com\/index.php\/wp-json\/wp\/v2\/comments?post=67578"}],"version-history":[{"count":2,"href":"https:\/\/www.siracusa2000.com\/index.php\/wp-json\/wp\/v2\/posts\/67578\/revisions"}],"predecessor-version":[{"id":67620,"href":"https:\/\/www.siracusa2000.com\/index.php\/wp-json\/wp\/v2\/posts\/67578\/revisions\/67620"}],"wp:featuredmedia":[{"embeddable":true,"href":"https:\/\/www.siracusa2000.com\/index.php\/wp-json\/wp\/v2\/media\/67619"}],"wp:attachment":[{"href":"https:\/\/www.siracusa2000.com\/index.php\/wp-json\/wp\/v2\/media?parent=67578"}],"wp:term":[{"taxonomy":"category","embeddable":true,"href":"https:\/\/www.siracusa2000.com\/index.php\/wp-json\/wp\/v2\/categories?post=67578"},{"taxonomy":"post_tag","embeddable":true,"href":"https:\/\/www.siracusa2000.com\/index.php\/wp-json\/wp\/v2\/tags?post=67578"}],"curies":[{"name":"wp","href":"https:\/\/api.w.org\/{rel}","templated":true}]}}