{"id":67593,"date":"2022-04-06T12:07:10","date_gmt":"2022-04-06T10:07:10","guid":{"rendered":"https:\/\/www.siracusa2000.com\/?p=67593"},"modified":"2022-04-06T12:07:40","modified_gmt":"2022-04-06T10:07:40","slug":"esplosione-ispica-e-stato-operato-il-14enne-ferito-e-in-rianimazione-condizoni-critiche","status":"publish","type":"post","link":"https:\/\/www.siracusa2000.com\/index.php\/2022\/04\/06\/esplosione-ispica-e-stato-operato-il-14enne-ferito-e-in-rianimazione-condizoni-critiche\/","title":{"rendered":"Esplosione Ispica. E&#8217; stato operato il 14enne ferito, \u00e8 in rianimazione. Condizioni critiche"},"content":{"rendered":"\n<p>Restano critiche le condizioni del 14enne rimasto ferito gravemente, ieri pomeriggio, nell\u2019esplosione nella ex fabbrica di fuochi d\u2019artificio ad <strong>Ispica.<\/strong> Il giovane \u00e8 ricoverato in terapia intensiva nell&#8217;unit\u00e0 operativa di Anestesia e Rianimazione dell&#8217;<strong>Ospedale Cannizzaro di Catania<\/strong>, dove \u00e8 stato trasferito dopo gli accertamenti eseguiti al <strong>Trauma Center<\/strong> e dopo il complesso intervento chirurgico al quale \u00e8 stato sottoposto.<\/p>\n\n\n\n<figure class=\"wp-block-embed is-type-video is-provider-youtube wp-block-embed-youtube wp-embed-aspect-16-9 wp-has-aspect-ratio\"><div class=\"wp-block-embed__wrapper\">\n<iframe loading=\"lazy\" title=\"aggiornamento sulle condizioni del 14enne ferito nell&#039;esplosione di Ispica\" width=\"1140\" height=\"641\" src=\"https:\/\/www.youtube.com\/embed\/TAx7nuH_9ZQ?feature=oembed\" frameborder=\"0\" allow=\"accelerometer; autoplay; clipboard-write; encrypted-media; gyroscope; picture-in-picture\" allowfullscreen><\/iframe>\n<\/div><figcaption>dott. Salvatore Cicero, direttore UOC Neurochirurgia Azienda Ospedaliera per l&#8217;Emergenza  &#8220;Cannizzaro&#8221;<br><br><br><\/figcaption><\/figure>\n\n\n\n<p>L&#8217;operazione, che ha coinvolto anche oculisti e ortopedici oltre agli anestesisti, ha visto in particolare intervenire congiuntamente neurochirurghi e chirurghi plastici, con riferimento ai danni riportati alle braccia, al volto e alla testa.<\/p>\n\n\n\n<p>Ne ha dato comunicazione l\u2019<strong>ufficio stampa dell\u2019Azienda Ospedaliera per l\u2019Emergenza, \u201cCannizzaro\u201d.<\/strong><\/p>\n\n\n\n<p><em>(foto: archivio siracusa2000<\/em>)<\/p>\n\n\n\n<p class=\"has-text-align-right\"><em>\u00a9 Riproduzione riservata<\/em><\/p>\n\n\n\n<div class=\"wp-block-image\"><figure class=\"aligncenter size-full\"><img loading=\"lazy\" decoding=\"async\" width=\"365\" height=\"228\" src=\"https:\/\/www.siracusa2000.com\/wp-content\/uploads\/2021\/06\/bug-dance-dance.png\" alt=\"\" class=\"wp-image-57906\" srcset=\"https:\/\/www.siracusa2000.com\/wp-content\/uploads\/2021\/06\/bug-dance-dance.png 365w, https:\/\/www.siracusa2000.com\/wp-content\/uploads\/2021\/06\/bug-dance-dance-300x187.png 300w\" sizes=\"auto, (max-width: 365px) 100vw, 365px\" \/><\/figure><\/div>\n","protected":false},"excerpt":{"rendered":"<p>Restano critiche le condizioni del 14enne rimasto ferito gravemente, ieri pomeriggio, nell\u2019esplosione nella ex fabbrica di fuochi d\u2019artificio ad Ispica. Il giovane \u00e8 ricoverato in terapia intensiva nell&#8217;unit\u00e0 operativa di Anestesia e Rianimazione dell&#8217;Ospedale Cannizzaro di Catania, dove \u00e8 stato <a href=\"https:\/\/www.siracusa2000.com\/index.php\/2022\/04\/06\/esplosione-ispica-e-stato-operato-il-14enne-ferito-e-in-rianimazione-condizoni-critiche\/\" class=\"read-more\">Leggi Tutto &#8230;<\/a><\/p>\n","protected":false},"author":1,"featured_media":53754,"comment_status":"closed","ping_status":"closed","sticky":true,"template":"","format":"standard","meta":{"footnotes":""},"categories":[9],"tags":[],"class_list":["post-67593","post","type-post","status-publish","format-standard","has-post-thumbnail","hentry","category-fuori-provincia"],"_links":{"self":[{"href":"https:\/\/www.siracusa2000.com\/index.php\/wp-json\/wp\/v2\/posts\/67593","targetHints":{"allow":["GET"]}}],"collection":[{"href":"https:\/\/www.siracusa2000.com\/index.php\/wp-json\/wp\/v2\/posts"}],"about":[{"href":"https:\/\/www.siracusa2000.com\/index.php\/wp-json\/wp\/v2\/types\/post"}],"author":[{"embeddable":true,"href":"https:\/\/www.siracusa2000.com\/index.php\/wp-json\/wp\/v2\/users\/1"}],"replies":[{"embeddable":true,"href":"https:\/\/www.siracusa2000.com\/index.php\/wp-json\/wp\/v2\/comments?post=67593"}],"version-history":[{"count":2,"href":"https:\/\/www.siracusa2000.com\/index.php\/wp-json\/wp\/v2\/posts\/67593\/revisions"}],"predecessor-version":[{"id":67595,"href":"https:\/\/www.siracusa2000.com\/index.php\/wp-json\/wp\/v2\/posts\/67593\/revisions\/67595"}],"wp:featuredmedia":[{"embeddable":true,"href":"https:\/\/www.siracusa2000.com\/index.php\/wp-json\/wp\/v2\/media\/53754"}],"wp:attachment":[{"href":"https:\/\/www.siracusa2000.com\/index.php\/wp-json\/wp\/v2\/media?parent=67593"}],"wp:term":[{"taxonomy":"category","embeddable":true,"href":"https:\/\/www.siracusa2000.com\/index.php\/wp-json\/wp\/v2\/categories?post=67593"},{"taxonomy":"post_tag","embeddable":true,"href":"https:\/\/www.siracusa2000.com\/index.php\/wp-json\/wp\/v2\/tags?post=67593"}],"curies":[{"name":"wp","href":"https:\/\/api.w.org\/{rel}","templated":true}]}}