{"id":67602,"date":"2022-04-07T07:53:00","date_gmt":"2022-04-07T05:53:00","guid":{"rendered":"https:\/\/www.siracusa2000.com\/?p=67602"},"modified":"2022-04-06T20:53:48","modified_gmt":"2022-04-06T18:53:48","slug":"testimoni-di-geova-in-aprile-due-eventi-in-modalita-ibrida-per-non-perdere-la-speranza","status":"publish","type":"post","link":"https:\/\/www.siracusa2000.com\/index.php\/2022\/04\/07\/testimoni-di-geova-in-aprile-due-eventi-in-modalita-ibrida-per-non-perdere-la-speranza\/","title":{"rendered":"Testimoni di Geova. In aprile due eventi in modalit\u00e0 ibrida, per non perdere la speranza"},"content":{"rendered":"\n<p>Sono due gli appuntamenti che i <strong>Testimoni di Geova<\/strong> di tutto il mondo organizzano nel mese di aprile, per \u00a0riflettere sui motivi che possono aiutare a non perdere la speranza. <\/p>\n\n\n\n<p>Il primo, in programma nel fine settimana, sar\u00e0 una conferenza di 30 minuti sul tema \u201c<strong>Come si pu\u00f2 avere una speranza certa?\u201d <\/strong>e fornir\u00e0 ragioni concrete per avere fiducia nella speranza contenuta nella <strong>Bibbia.<\/strong>\u00a0\u00a0<\/p>\n\n\n\n<div class=\"wp-block-image\"><figure class=\"aligncenter size-full\"><img loading=\"lazy\" decoding=\"async\" width=\"807\" height=\"510\" src=\"https:\/\/www.siracusa2000.com\/wp-content\/uploads\/2022\/04\/geova.png\" alt=\"\" class=\"wp-image-67623\" srcset=\"https:\/\/www.siracusa2000.com\/wp-content\/uploads\/2022\/04\/geova.png 807w, https:\/\/www.siracusa2000.com\/wp-content\/uploads\/2022\/04\/geova-300x190.png 300w, https:\/\/www.siracusa2000.com\/wp-content\/uploads\/2022\/04\/geova-768x485.png 768w\" sizes=\"auto, (max-width: 807px) 100vw, 807px\" \/><\/figure><\/div>\n\n\n\n<p>All\u2019appuntamento del 9 e 10 aprile seguir\u00e0 l\u2019annuale <strong>Commemorazione <\/strong>della morte di <strong>Ges\u00f9 Cristo<\/strong>, prevista per la sera del <strong>15 aprile<\/strong>, dopo il tramonto, secondo le indicazioni riportate nei <strong>Vangeli<\/strong> (Luca 22:19).<\/p>\n\n\n\n<p>All\u2019edizione 2021 della <strong>Commemorazione<\/strong> hanno partecipato oltre 500 mila persone in <strong>Italia<\/strong> e oltre 21 milioni in tutto il mondo, con un aumento che sfiora il 20% rispetto all&#8217;anno precedente.\u00a0\u00a0<\/p>\n\n\n\n<p>I due eventi si svolgeranno in modalit\u00e0 ibrida, perch\u00e9 tutti i luoghi di culto saranno, gradualmente, riaperti a piccoli gruppi di presenti e, chi lo vorr\u00e0, potr\u00e0 seguirli in videoconferenza, attraverso la <strong>piattaforma Zoom<\/strong>.<\/p>\n\n\n\n<p>L&#8217;ingresso \u00e8 gratuito. \u201cIn un periodo segnato da incertezze e maggiori timori per il futuro\u201d \u2013 dichiara <strong>Piero Maltese, portavoce dei Testimoni di Geova per la Sicilia<\/strong> \u2013 \u201cquesti due appuntamenti ci ricorderanno le valide ragioni che esistono per avere fede nella promessa che la <strong>Bibbia<\/strong> ci fa di un futuro migliore\u201d.<\/p>\n\n\n\n<p>Sono circa 2300 i <strong>Testimoni di Geova<\/strong> della<strong> provincia di Siracusa<\/strong> che assisteranno ai due eventi.\u00a0\u00a0\u00a0<\/p>\n\n\n\n<p>(<em>foto: repertorio internet)<\/em><\/p>\n\n\n\n<p class=\"has-text-align-right\"><em>\u00a9 Riproduzione riservata<\/em><\/p>\n\n\n\n<figure class=\"wp-block-image size-full\"><img loading=\"lazy\" decoding=\"async\" width=\"1024\" height=\"312\" src=\"https:\/\/www.siracusa2000.com\/wp-content\/uploads\/2021\/12\/campagna-antiracket-1024x312-1.png\" alt=\"\" class=\"wp-image-63806\" srcset=\"https:\/\/www.siracusa2000.com\/wp-content\/uploads\/2021\/12\/campagna-antiracket-1024x312-1.png 1024w, https:\/\/www.siracusa2000.com\/wp-content\/uploads\/2021\/12\/campagna-antiracket-1024x312-1-300x91.png 300w, https:\/\/www.siracusa2000.com\/wp-content\/uploads\/2021\/12\/campagna-antiracket-1024x312-1-768x234.png 768w\" sizes=\"auto, (max-width: 1024px) 100vw, 1024px\" \/><\/figure>\n\n\n\n<p>\u00a0<\/p>\n","protected":false},"excerpt":{"rendered":"<p>Sono due gli appuntamenti che i Testimoni di Geova di tutto il mondo organizzano nel mese di aprile, per \u00a0riflettere sui motivi che possono aiutare a non perdere la speranza. Il primo, in programma nel fine settimana, sar\u00e0 una conferenza <a href=\"https:\/\/www.siracusa2000.com\/index.php\/2022\/04\/07\/testimoni-di-geova-in-aprile-due-eventi-in-modalita-ibrida-per-non-perdere-la-speranza\/\" class=\"read-more\">Leggi Tutto &#8230;<\/a><\/p>\n","protected":false},"author":1,"featured_media":67623,"comment_status":"closed","ping_status":"closed","sticky":true,"template":"","format":"standard","meta":{"footnotes":""},"categories":[7],"tags":[],"class_list":["post-67602","post","type-post","status-publish","format-standard","has-post-thumbnail","hentry","category-citta"],"_links":{"self":[{"href":"https:\/\/www.siracusa2000.com\/index.php\/wp-json\/wp\/v2\/posts\/67602","targetHints":{"allow":["GET"]}}],"collection":[{"href":"https:\/\/www.siracusa2000.com\/index.php\/wp-json\/wp\/v2\/posts"}],"about":[{"href":"https:\/\/www.siracusa2000.com\/index.php\/wp-json\/wp\/v2\/types\/post"}],"author":[{"embeddable":true,"href":"https:\/\/www.siracusa2000.com\/index.php\/wp-json\/wp\/v2\/users\/1"}],"replies":[{"embeddable":true,"href":"https:\/\/www.siracusa2000.com\/index.php\/wp-json\/wp\/v2\/comments?post=67602"}],"version-history":[{"count":3,"href":"https:\/\/www.siracusa2000.com\/index.php\/wp-json\/wp\/v2\/posts\/67602\/revisions"}],"predecessor-version":[{"id":67625,"href":"https:\/\/www.siracusa2000.com\/index.php\/wp-json\/wp\/v2\/posts\/67602\/revisions\/67625"}],"wp:featuredmedia":[{"embeddable":true,"href":"https:\/\/www.siracusa2000.com\/index.php\/wp-json\/wp\/v2\/media\/67623"}],"wp:attachment":[{"href":"https:\/\/www.siracusa2000.com\/index.php\/wp-json\/wp\/v2\/media?parent=67602"}],"wp:term":[{"taxonomy":"category","embeddable":true,"href":"https:\/\/www.siracusa2000.com\/index.php\/wp-json\/wp\/v2\/categories?post=67602"},{"taxonomy":"post_tag","embeddable":true,"href":"https:\/\/www.siracusa2000.com\/index.php\/wp-json\/wp\/v2\/tags?post=67602"}],"curies":[{"name":"wp","href":"https:\/\/api.w.org\/{rel}","templated":true}]}}