{"id":68227,"date":"2022-04-25T20:58:31","date_gmt":"2022-04-25T18:58:31","guid":{"rendered":"https:\/\/www.siracusa2000.com\/?p=68227"},"modified":"2022-04-25T20:58:33","modified_gmt":"2022-04-25T18:58:33","slug":"augusta-25-aprile-in-tragedia-alla-costa-saracena-bambino-scivola-dalla-scogliera-e-muore","status":"publish","type":"post","link":"https:\/\/www.siracusa2000.com\/index.php\/2022\/04\/25\/augusta-25-aprile-in-tragedia-alla-costa-saracena-bambino-scivola-dalla-scogliera-e-muore\/","title":{"rendered":"Augusta. 25 Aprile in tragedia alla Costa Saracena, bambino scivola dalla scogliera e muore"},"content":{"rendered":"\n<figure class=\"wp-block-image size-full\"><img loading=\"lazy\" decoding=\"async\" width=\"814\" height=\"407\" src=\"https:\/\/www.siracusa2000.com\/wp-content\/uploads\/2022\/04\/costa.png\" alt=\"\" class=\"wp-image-68228\" srcset=\"https:\/\/www.siracusa2000.com\/wp-content\/uploads\/2022\/04\/costa.png 814w, https:\/\/www.siracusa2000.com\/wp-content\/uploads\/2022\/04\/costa-300x150.png 300w, https:\/\/www.siracusa2000.com\/wp-content\/uploads\/2022\/04\/costa-768x384.png 768w\" sizes=\"auto, (max-width: 814px) 100vw, 814px\" \/><\/figure>\n\n\n\n<p>E\u2019 stata funestata da una terribile tragedia la giornata dell\u2019<strong>Anniversario della Liberazione <\/strong>che, per tutti noi, ha significato anche la \u201cliberazione\u201d dopo due anni di tensione e paura per via della pandemia.<\/p>\n\n\n\n<p>E, invece, per una coppia catanese questo 25 aprile ha avuto, purtroppo, un epilogo tragico perch\u00e9 il loro bambino ha trovato la morte, a soli 10 anni.<\/p>\n\n\n\n<p>La famiglia aveva deciso di trascorrere la giornata in comitiva, in una villetta della <strong>Costa Saracena<\/strong>, ad <strong>Augusta<\/strong> e, dopo il pranzo, sembra che il bambino sia uscito per una passeggiata all\u2019aria aperta, lungo la costa, ed \u00e8 stato l\u00ec, purtroppo, che si \u00e8 consumata la tragedia. Sembra, infatti, che il piccolo sia scivolato finendo sugli scogli e inutili sono stati, purtroppo,  i tentativi di rianimarlo da parte del personale del <strong>118 <\/strong>che, vista la criticit\u00e0 della situazione, aveva richiesto l\u2019intervento dell\u2019elisoccorso per il trasporto all\u2019<strong>ospedale \u201cCannizzaro\u201d. <\/strong><\/p>\n\n\n\n<p>La<strong> Procura della Repubblica di Siracusa <\/strong>ha aperto un fascicolo.<\/p>\n\n\n\n<p>Un incidente simile a quello di oggi, ma senza il finale tragico, si era verificato la <strong>Domenica delle Palme<\/strong>, a <strong>Siracusa,<\/strong> quando un 17enne, anche in quel caso arrivato dalla provincia di <strong>Catania<\/strong> in compagnia di amici<strong>, <\/strong>era precipitato dal costone roccioso al <strong>Monumento ai Caduti in Africa, <\/strong>riportando vari traumi e fratture.<\/p>\n\n\n\n<p><em>(foto: repertorio internet)<\/em><\/p>\n\n\n\n<p class=\"has-text-align-right\"><em>\u00a9 Riproduzione riservata<\/em><\/p>\n\n\n\n<figure class=\"wp-block-image size-large\"><img loading=\"lazy\" decoding=\"async\" width=\"1024\" height=\"234\" src=\"https:\/\/www.siracusa2000.com\/wp-content\/uploads\/2022\/01\/banner-liveonair-1024x234.png\" alt=\"\" class=\"wp-image-65549\" srcset=\"https:\/\/www.siracusa2000.com\/wp-content\/uploads\/2022\/01\/banner-liveonair-1024x234.png 1024w, https:\/\/www.siracusa2000.com\/wp-content\/uploads\/2022\/01\/banner-liveonair-300x69.png 300w, https:\/\/www.siracusa2000.com\/wp-content\/uploads\/2022\/01\/banner-liveonair-768x175.png 768w, https:\/\/www.siracusa2000.com\/wp-content\/uploads\/2022\/01\/banner-liveonair.png 1077w\" sizes=\"auto, (max-width: 1024px) 100vw, 1024px\" \/><\/figure>\n","protected":false},"excerpt":{"rendered":"<p>E\u2019 stata funestata da una terribile tragedia la giornata dell\u2019Anniversario della Liberazione che, per tutti noi, ha significato anche la \u201cliberazione\u201d dopo due anni di tensione e paura per via della pandemia. E, invece, per una coppia catanese questo 25 <a href=\"https:\/\/www.siracusa2000.com\/index.php\/2022\/04\/25\/augusta-25-aprile-in-tragedia-alla-costa-saracena-bambino-scivola-dalla-scogliera-e-muore\/\" class=\"read-more\">Leggi Tutto &#8230;<\/a><\/p>\n","protected":false},"author":1,"featured_media":68228,"comment_status":"closed","ping_status":"closed","sticky":true,"template":"","format":"standard","meta":{"footnotes":""},"categories":[8],"tags":[],"class_list":["post-68227","post","type-post","status-publish","format-standard","has-post-thumbnail","hentry","category-provincia"],"_links":{"self":[{"href":"https:\/\/www.siracusa2000.com\/index.php\/wp-json\/wp\/v2\/posts\/68227","targetHints":{"allow":["GET"]}}],"collection":[{"href":"https:\/\/www.siracusa2000.com\/index.php\/wp-json\/wp\/v2\/posts"}],"about":[{"href":"https:\/\/www.siracusa2000.com\/index.php\/wp-json\/wp\/v2\/types\/post"}],"author":[{"embeddable":true,"href":"https:\/\/www.siracusa2000.com\/index.php\/wp-json\/wp\/v2\/users\/1"}],"replies":[{"embeddable":true,"href":"https:\/\/www.siracusa2000.com\/index.php\/wp-json\/wp\/v2\/comments?post=68227"}],"version-history":[{"count":1,"href":"https:\/\/www.siracusa2000.com\/index.php\/wp-json\/wp\/v2\/posts\/68227\/revisions"}],"predecessor-version":[{"id":68229,"href":"https:\/\/www.siracusa2000.com\/index.php\/wp-json\/wp\/v2\/posts\/68227\/revisions\/68229"}],"wp:featuredmedia":[{"embeddable":true,"href":"https:\/\/www.siracusa2000.com\/index.php\/wp-json\/wp\/v2\/media\/68228"}],"wp:attachment":[{"href":"https:\/\/www.siracusa2000.com\/index.php\/wp-json\/wp\/v2\/media?parent=68227"}],"wp:term":[{"taxonomy":"category","embeddable":true,"href":"https:\/\/www.siracusa2000.com\/index.php\/wp-json\/wp\/v2\/categories?post=68227"},{"taxonomy":"post_tag","embeddable":true,"href":"https:\/\/www.siracusa2000.com\/index.php\/wp-json\/wp\/v2\/tags?post=68227"}],"curies":[{"name":"wp","href":"https:\/\/api.w.org\/{rel}","templated":true}]}}