{"id":68230,"date":"2022-04-26T06:21:00","date_gmt":"2022-04-26T04:21:00","guid":{"rendered":"https:\/\/www.siracusa2000.com\/?p=68230"},"modified":"2022-04-25T21:21:41","modified_gmt":"2022-04-25T19:21:41","slug":"caltagirone-partito-il-maggio-dei-libri-massiccia-partecipazione-di-grandi-e-bambini","status":"publish","type":"post","link":"https:\/\/www.siracusa2000.com\/index.php\/2022\/04\/26\/caltagirone-partito-il-maggio-dei-libri-massiccia-partecipazione-di-grandi-e-bambini\/","title":{"rendered":"Caltagirone. Partito &#8220;Il Maggio dei Libri&#8221;, massiccia partecipazione di grandi e bambini"},"content":{"rendered":"\n<figure class=\"wp-block-image size-full\"><img loading=\"lazy\" decoding=\"async\" width=\"926\" height=\"558\" src=\"https:\/\/www.siracusa2000.com\/wp-content\/uploads\/2022\/04\/calta-1.png\" alt=\"\" class=\"wp-image-68231\" srcset=\"https:\/\/www.siracusa2000.com\/wp-content\/uploads\/2022\/04\/calta-1.png 926w, https:\/\/www.siracusa2000.com\/wp-content\/uploads\/2022\/04\/calta-1-300x181.png 300w, https:\/\/www.siracusa2000.com\/wp-content\/uploads\/2022\/04\/calta-1-768x463.png 768w\" sizes=\"auto, (max-width: 926px) 100vw, 926px\" \/><\/figure>\n\n\n\n<p>Un laboratorio sensoriale a <strong>Villa Patti<\/strong>, a cura delle associazioni <strong>Maieutica<\/strong> e <strong>Arci Amari<\/strong>, e la <strong>Maratona di lettura<\/strong>, a cura della <strong>Biblioteca comunale<\/strong>, che si \u00e8 conclusa al giardino dell&#8217;<strong>Educandato San Luigi<\/strong>, hanno inaugurato il \u201c<strong>Maggio dei Libri<\/strong> <strong>a Caltagirone<\/strong>\u201d, che, fino a domenica 29 maggio, proporr\u00e0 un calendario ricco di eventi per grandi e bambini.<\/p>\n\n\n\n<p>Una partecipazione massiccia che, come sottolinea l&#8217;<strong>assessore comunale alle Biblioteche, Luca Giarman\u00e0<\/strong>, \u201cci fa guardare con fiducia al prosieguo delle iniziative e confidare in una sempre pi\u00f9 larga partecipazione di giovani e meno giovani\u201d.<\/p>\n\n\n\n<p>Il \u201c<strong>Maggio dei Libri a Caltagirone<\/strong>\u201d, promosso dall\u2019Amministrazione comunale, decliner\u00e0 il tema delle libert\u00e0 senza tempo, dalla lotta per le libert\u00e0, alla libert\u00e0 dal basso, alla libert\u00e0 delle donne, alla libert\u00e0 contemporanea.<\/p>\n\n\n\n<p><em>(foto: l\u2019evento di Villa Patti)<\/em><\/p>\n\n\n\n<p class=\"has-text-align-right\"><em>\u00a9 Riproduzione riservata<\/em><\/p>\n\n\n\n<div class=\"wp-block-image\"><figure class=\"aligncenter size-full\"><img loading=\"lazy\" decoding=\"async\" width=\"365\" height=\"228\" src=\"https:\/\/www.siracusa2000.com\/wp-content\/uploads\/2021\/06\/bug-dance-dance.png\" alt=\"\" class=\"wp-image-57906\" srcset=\"https:\/\/www.siracusa2000.com\/wp-content\/uploads\/2021\/06\/bug-dance-dance.png 365w, https:\/\/www.siracusa2000.com\/wp-content\/uploads\/2021\/06\/bug-dance-dance-300x187.png 300w\" sizes=\"auto, (max-width: 365px) 100vw, 365px\" \/><\/figure><\/div>\n","protected":false},"excerpt":{"rendered":"<p>Un laboratorio sensoriale a Villa Patti, a cura delle associazioni Maieutica e Arci Amari, e la Maratona di lettura, a cura della Biblioteca comunale, che si \u00e8 conclusa al giardino dell&#8217;Educandato San Luigi, hanno inaugurato il \u201cMaggio dei Libri a <a href=\"https:\/\/www.siracusa2000.com\/index.php\/2022\/04\/26\/caltagirone-partito-il-maggio-dei-libri-massiccia-partecipazione-di-grandi-e-bambini\/\" class=\"read-more\">Leggi Tutto &#8230;<\/a><\/p>\n","protected":false},"author":1,"featured_media":68231,"comment_status":"closed","ping_status":"closed","sticky":true,"template":"","format":"standard","meta":{"footnotes":""},"categories":[9],"tags":[],"class_list":["post-68230","post","type-post","status-publish","format-standard","has-post-thumbnail","hentry","category-fuori-provincia"],"_links":{"self":[{"href":"https:\/\/www.siracusa2000.com\/index.php\/wp-json\/wp\/v2\/posts\/68230","targetHints":{"allow":["GET"]}}],"collection":[{"href":"https:\/\/www.siracusa2000.com\/index.php\/wp-json\/wp\/v2\/posts"}],"about":[{"href":"https:\/\/www.siracusa2000.com\/index.php\/wp-json\/wp\/v2\/types\/post"}],"author":[{"embeddable":true,"href":"https:\/\/www.siracusa2000.com\/index.php\/wp-json\/wp\/v2\/users\/1"}],"replies":[{"embeddable":true,"href":"https:\/\/www.siracusa2000.com\/index.php\/wp-json\/wp\/v2\/comments?post=68230"}],"version-history":[{"count":2,"href":"https:\/\/www.siracusa2000.com\/index.php\/wp-json\/wp\/v2\/posts\/68230\/revisions"}],"predecessor-version":[{"id":68233,"href":"https:\/\/www.siracusa2000.com\/index.php\/wp-json\/wp\/v2\/posts\/68230\/revisions\/68233"}],"wp:featuredmedia":[{"embeddable":true,"href":"https:\/\/www.siracusa2000.com\/index.php\/wp-json\/wp\/v2\/media\/68231"}],"wp:attachment":[{"href":"https:\/\/www.siracusa2000.com\/index.php\/wp-json\/wp\/v2\/media?parent=68230"}],"wp:term":[{"taxonomy":"category","embeddable":true,"href":"https:\/\/www.siracusa2000.com\/index.php\/wp-json\/wp\/v2\/categories?post=68230"},{"taxonomy":"post_tag","embeddable":true,"href":"https:\/\/www.siracusa2000.com\/index.php\/wp-json\/wp\/v2\/tags?post=68230"}],"curies":[{"name":"wp","href":"https:\/\/api.w.org\/{rel}","templated":true}]}}