{"id":69482,"date":"2022-06-02T22:43:09","date_gmt":"2022-06-02T20:43:09","guid":{"rendered":"https:\/\/www.siracusa2000.com\/?p=69482"},"modified":"2022-06-02T22:43:12","modified_gmt":"2022-06-02T20:43:12","slug":"lealta-e-condivisione-lex-assessore-comunale-carlo-gradenigo-e-il-nuovo-presidente","status":"publish","type":"post","link":"https:\/\/www.siracusa2000.com\/index.php\/2022\/06\/02\/lealta-e-condivisione-lex-assessore-comunale-carlo-gradenigo-e-il-nuovo-presidente\/","title":{"rendered":"Lealt\u00e0 e Condivisione. L&#8217;ex assessore comunale Carlo Gradenigo \u00e8 il nuovo presidente"},"content":{"rendered":"\n<figure class=\"wp-block-image size-full\"><img loading=\"lazy\" decoding=\"async\" width=\"853\" height=\"556\" src=\"https:\/\/www.siracusa2000.com\/wp-content\/uploads\/2022\/06\/lc.png\" alt=\"\" class=\"wp-image-69483\" srcset=\"https:\/\/www.siracusa2000.com\/wp-content\/uploads\/2022\/06\/lc.png 853w, https:\/\/www.siracusa2000.com\/wp-content\/uploads\/2022\/06\/lc-300x196.png 300w, https:\/\/www.siracusa2000.com\/wp-content\/uploads\/2022\/06\/lc-768x501.png 768w\" sizes=\"auto, (max-width: 853px) 100vw, 853px\" \/><\/figure>\n\n\n\n<p>Passaggio del testimone alla presidenza dell\u2019associazione \u201c<strong>Lealt\u00e0 e Condivisione\u201d<\/strong> che ha in <strong>Carlo Gradenigo<\/strong>, ex assessore comunale, il suo nuovo presidente. L\u2019elezione \u00e8 avvenuta lo scorso 31 maggio, durante la riunione dell\u2019assemblea plenaria.<\/p>\n\n\n\n<p><strong>Gradenigo,<\/strong> che \u00e8 stato votato all\u2019unanimit\u00e0, subentra all\u2019<strong>avv. Giovanni Randazzo <\/strong>e intende proseguire nel segno della continuit\u00e0, puntando al rilancio dell\u2019associazione.<\/p>\n\n\n\n<p>Dare spazio a esperienze e competenze interne al gruppo, insomma, per il bene della citt\u00e0, impegnandosi su temi importanti come ambiente, immigrazione, inclusione sociale, mobilit\u00e0, legalit\u00e0 e partecipazione.<\/p>\n\n\n\n<p class=\"has-text-align-left\"><em>(foto: l\u2019assemblea di Lealt\u00e0 e Condivisione)<br>                                                                                                                                                    \u00a9 Riproduzione riservata<\/em><\/p>\n","protected":false},"excerpt":{"rendered":"<p>Passaggio del testimone alla presidenza dell\u2019associazione \u201cLealt\u00e0 e Condivisione\u201d che ha in Carlo Gradenigo, ex assessore comunale, il suo nuovo presidente. L\u2019elezione \u00e8 avvenuta lo scorso 31 maggio, durante la riunione dell\u2019assemblea plenaria. Gradenigo, che \u00e8 stato votato all\u2019unanimit\u00e0, subentra <a href=\"https:\/\/www.siracusa2000.com\/index.php\/2022\/06\/02\/lealta-e-condivisione-lex-assessore-comunale-carlo-gradenigo-e-il-nuovo-presidente\/\" class=\"read-more\">Leggi Tutto &#8230;<\/a><\/p>\n","protected":false},"author":1,"featured_media":69483,"comment_status":"closed","ping_status":"closed","sticky":true,"template":"","format":"standard","meta":{"footnotes":""},"categories":[7],"tags":[],"class_list":["post-69482","post","type-post","status-publish","format-standard","has-post-thumbnail","hentry","category-citta"],"_links":{"self":[{"href":"https:\/\/www.siracusa2000.com\/index.php\/wp-json\/wp\/v2\/posts\/69482","targetHints":{"allow":["GET"]}}],"collection":[{"href":"https:\/\/www.siracusa2000.com\/index.php\/wp-json\/wp\/v2\/posts"}],"about":[{"href":"https:\/\/www.siracusa2000.com\/index.php\/wp-json\/wp\/v2\/types\/post"}],"author":[{"embeddable":true,"href":"https:\/\/www.siracusa2000.com\/index.php\/wp-json\/wp\/v2\/users\/1"}],"replies":[{"embeddable":true,"href":"https:\/\/www.siracusa2000.com\/index.php\/wp-json\/wp\/v2\/comments?post=69482"}],"version-history":[{"count":1,"href":"https:\/\/www.siracusa2000.com\/index.php\/wp-json\/wp\/v2\/posts\/69482\/revisions"}],"predecessor-version":[{"id":69484,"href":"https:\/\/www.siracusa2000.com\/index.php\/wp-json\/wp\/v2\/posts\/69482\/revisions\/69484"}],"wp:featuredmedia":[{"embeddable":true,"href":"https:\/\/www.siracusa2000.com\/index.php\/wp-json\/wp\/v2\/media\/69483"}],"wp:attachment":[{"href":"https:\/\/www.siracusa2000.com\/index.php\/wp-json\/wp\/v2\/media?parent=69482"}],"wp:term":[{"taxonomy":"category","embeddable":true,"href":"https:\/\/www.siracusa2000.com\/index.php\/wp-json\/wp\/v2\/categories?post=69482"},{"taxonomy":"post_tag","embeddable":true,"href":"https:\/\/www.siracusa2000.com\/index.php\/wp-json\/wp\/v2\/tags?post=69482"}],"curies":[{"name":"wp","href":"https:\/\/api.w.org\/{rel}","templated":true}]}}