{"id":69500,"date":"2022-06-03T13:20:40","date_gmt":"2022-06-03T11:20:40","guid":{"rendered":"https:\/\/www.siracusa2000.com\/?p=69500"},"modified":"2022-06-03T13:20:42","modified_gmt":"2022-06-03T11:20:42","slug":"siracusa-perche-proprio-al-gargallo-diventa-un-caso-la-presentazione-del-libro-della-totolo","status":"publish","type":"post","link":"https:\/\/www.siracusa2000.com\/index.php\/2022\/06\/03\/siracusa-perche-proprio-al-gargallo-diventa-un-caso-la-presentazione-del-libro-della-totolo\/","title":{"rendered":"Siracusa. Perch\u00e8 proprio al Gargallo? Diventa un &#8220;caso&#8221; la presentazione del libro della Totolo"},"content":{"rendered":"\n<p>E\u2019 diventato un vero e proprio &#8220;caso&#8221; la presenza di <strong>Francesco Totolo<\/strong> a <strong>Siracusa<\/strong>, per la presentazione del suo nuovo libro dal titolo \u201c<strong>La morale sinistra<\/strong>\u201d, annunciata per domani pomeriggio.<\/p>\n\n\n\n<p>Probabilmente se la cosa fosse stata programmata in qualunque altra zona della citt\u00e0, in qualunque altra location, una piazza, un bar, un villaggio turistico, e via di seguito, non avrebbe scatenato le polemiche alle quali, invece, stiamo assistendo da due giorni.<\/p>\n\n\n\n<div class=\"wp-block-image\"><figure class=\"aligncenter size-full\"><img loading=\"lazy\" decoding=\"async\" width=\"902\" height=\"591\" src=\"https:\/\/www.siracusa2000.com\/wp-content\/uploads\/2022\/06\/totolo.jpg\" alt=\"\" class=\"wp-image-69501\" srcset=\"https:\/\/www.siracusa2000.com\/wp-content\/uploads\/2022\/06\/totolo.jpg 902w, https:\/\/www.siracusa2000.com\/wp-content\/uploads\/2022\/06\/totolo-300x197.jpg 300w, https:\/\/www.siracusa2000.com\/wp-content\/uploads\/2022\/06\/totolo-768x503.jpg 768w\" sizes=\"auto, (max-width: 902px) 100vw, 902px\" \/><\/figure><\/div>\n\n\n\n<p>Gi\u00e0, perch\u00e9 la presentazione del libro della giornalista avverr\u00e0 in uno dei luoghi \u201csacri\u201d della cultura siracusana: il<strong> cortile dell\u2019ex liceo Gargallo<\/strong>, in <strong>Ortigia<\/strong>.<\/p>\n\n\n\n<p>Sotto accusa anche l\u2019<strong>Amministrazione comunale <\/strong>che, come ha scritto qualcuno, ha concesso l\u2019utilizzo di quel sito per qualcosa che assomiglia pi\u00f9 ad una operazione di propaganda politica che ad un vero evento culturale.<\/p>\n\n\n\n<p>Al coro dei \u201cno\u201d si aggiunge, oggi, anche il <strong>segretario generale provinciale della Cgil, Roberto Alosi,<\/strong> per il quale \u00e8 \u201cun errore marcatamente politico e sociale, concedere i luoghi simbolo della cultura e dell\u2019istruzione cittadina di questa comunit\u00e0 ad associazioni che si ergono a protettori di un dogma totalizzante e rivolto sempre all\u2019attacco del pensiero democratico nato dalla resistenza partigiana\u201d.<\/p>\n\n\n\n<p>L\u2019associazione a cui si fa riferimento \u00e8 <strong>CasaPound<\/strong>, il &nbsp;movimento al quale appartiene la <strong>Totolo.<\/strong><\/p>\n\n\n\n<p>\u201cAncora pi\u00f9 grave e gretto\u201d \u2013 scrive il <strong>segretario della Cgil siracusana<\/strong> \u2013 \u201cimmaginare di poter plasmare ed indirizzare sulla propria figura un luogo simbolo di questa citt\u00e0, aprendolo ad iniziative spiccatamente neofasciste\u201d.<\/p>\n\n\n\n<p>Non volendo mettere lingua nella polemica e mantenendo una posizione di assoluto distacco, ci sembra, comunque, che, alla fine, si stia facendo prevalere quell\u2019antica formula tanto cara ai pubblicitari, cio\u00e8 &nbsp;\u201cbene o male, purch\u00e8 se ne parli\u201d.<\/p>\n\n\n\n<p>A guadagnarci, probabilmente, \u00e8 solo l\u2019autrice del libro, che sta usufruendo di una visibilit\u00e0 mediatica che, forse, nemmeno \u201c<strong>I Guardiani di Aretusa<\/strong>\u201d, che hanno organizzato l\u2019evento, si sarebbero aspettati.<\/p>\n\n\n\n<p><em>(foto: la giornalista F. Totolo)<\/em><\/p>\n\n\n\n<p class=\"has-text-align-right\"><em>\u00a9 Riproduzione riservata<\/em><em><\/em><\/p>\n\n\n\n<div class=\"wp-block-image\"><figure class=\"aligncenter size-full\"><img loading=\"lazy\" decoding=\"async\" width=\"579\" height=\"197\" src=\"https:\/\/www.siracusa2000.com\/wp-content\/uploads\/2020\/06\/bug-spazio-italia.gif\" alt=\"\" class=\"wp-image-42207\"\/><\/figure><\/div>\n","protected":false},"excerpt":{"rendered":"<p>E\u2019 diventato un vero e proprio &#8220;caso&#8221; la presenza di Francesco Totolo a Siracusa, per la presentazione del suo nuovo libro dal titolo \u201cLa morale sinistra\u201d, annunciata per domani pomeriggio. Probabilmente se la cosa fosse stata programmata in qualunque altra <a href=\"https:\/\/www.siracusa2000.com\/index.php\/2022\/06\/03\/siracusa-perche-proprio-al-gargallo-diventa-un-caso-la-presentazione-del-libro-della-totolo\/\" class=\"read-more\">Leggi Tutto &#8230;<\/a><\/p>\n","protected":false},"author":1,"featured_media":69501,"comment_status":"closed","ping_status":"closed","sticky":true,"template":"","format":"standard","meta":{"footnotes":""},"categories":[7],"tags":[],"class_list":["post-69500","post","type-post","status-publish","format-standard","has-post-thumbnail","hentry","category-citta"],"_links":{"self":[{"href":"https:\/\/www.siracusa2000.com\/index.php\/wp-json\/wp\/v2\/posts\/69500","targetHints":{"allow":["GET"]}}],"collection":[{"href":"https:\/\/www.siracusa2000.com\/index.php\/wp-json\/wp\/v2\/posts"}],"about":[{"href":"https:\/\/www.siracusa2000.com\/index.php\/wp-json\/wp\/v2\/types\/post"}],"author":[{"embeddable":true,"href":"https:\/\/www.siracusa2000.com\/index.php\/wp-json\/wp\/v2\/users\/1"}],"replies":[{"embeddable":true,"href":"https:\/\/www.siracusa2000.com\/index.php\/wp-json\/wp\/v2\/comments?post=69500"}],"version-history":[{"count":2,"href":"https:\/\/www.siracusa2000.com\/index.php\/wp-json\/wp\/v2\/posts\/69500\/revisions"}],"predecessor-version":[{"id":69503,"href":"https:\/\/www.siracusa2000.com\/index.php\/wp-json\/wp\/v2\/posts\/69500\/revisions\/69503"}],"wp:featuredmedia":[{"embeddable":true,"href":"https:\/\/www.siracusa2000.com\/index.php\/wp-json\/wp\/v2\/media\/69501"}],"wp:attachment":[{"href":"https:\/\/www.siracusa2000.com\/index.php\/wp-json\/wp\/v2\/media?parent=69500"}],"wp:term":[{"taxonomy":"category","embeddable":true,"href":"https:\/\/www.siracusa2000.com\/index.php\/wp-json\/wp\/v2\/categories?post=69500"},{"taxonomy":"post_tag","embeddable":true,"href":"https:\/\/www.siracusa2000.com\/index.php\/wp-json\/wp\/v2\/tags?post=69500"}],"curies":[{"name":"wp","href":"https:\/\/api.w.org\/{rel}","templated":true}]}}