{"id":73323,"date":"2022-10-03T08:26:00","date_gmt":"2022-10-03T06:26:00","guid":{"rendered":"https:\/\/www.siracusa2000.com\/?p=73323"},"modified":"2022-10-02T19:31:23","modified_gmt":"2022-10-02T17:31:23","slug":"scicli-terzo-doblo-del-progetto-mobilita-garantita-servira-per-il-trasporto-dei-disabili","status":"publish","type":"post","link":"https:\/\/www.siracusa2000.com\/index.php\/2022\/10\/03\/scicli-terzo-doblo-del-progetto-mobilita-garantita-servira-per-il-trasporto-dei-disabili\/","title":{"rendered":"Scicli. Terzo Dobl\u00f2 del Progetto Mobilit\u00e0 Garantita, servir\u00e0 per il trasporto dei disabili"},"content":{"rendered":"\n<figure class=\"wp-block-image size-full\"><img loading=\"lazy\" decoding=\"async\" width=\"983\" height=\"581\" src=\"https:\/\/www.siracusa2000.com\/wp-content\/uploads\/2022\/10\/pmg.png\" alt=\"\" class=\"wp-image-73324\" srcset=\"https:\/\/www.siracusa2000.com\/wp-content\/uploads\/2022\/10\/pmg.png 983w, https:\/\/www.siracusa2000.com\/wp-content\/uploads\/2022\/10\/pmg-300x177.png 300w, https:\/\/www.siracusa2000.com\/wp-content\/uploads\/2022\/10\/pmg-768x454.png 768w\" sizes=\"auto, (max-width: 983px) 100vw, 983px\" \/><\/figure>\n\n\n\n<p>Per la terza volta, l\u2019Amministrazione comunale di <strong>Scicli <\/strong>ha aderito al progetto &nbsp;\u201cMobilit\u00e0 garantita\u201d promosso dalla <strong>PMG Italia<\/strong>, che prevede la concessione in comodato gratuito di un pulmino per il trasporto di persone diversamente abili, anziani e soggetti svantaggiati.<\/p>\n\n\n\n<p>Con quello consegnato nei giorni scorsi in <strong>via Mormina Penna<\/strong>, alla presenza del <strong>sindaco, Mario Marino,<\/strong> del <strong>vicesindaco, Concetta Drago<\/strong>, e di tutta la giunta, sono tre i Dobl\u00f2 ricevuti dal Comune, dopo quelli del 2015 e del 2018.<\/p>\n\n\n\n<p>Il pulmino, attrezzato con l\u2019elevatore per le carrozzine, sar\u00e0 utilizzato per raggiungere centri di cura, centri di aggregazione, centri riabilitativi, scuole ed uffici. <\/p>\n\n\n\n<p>Il suo acquisto \u00e8 stato possibile grazie ad aziende ed imprenditori privati, le cui sponsorizzazioni saranno affisse sulle fiancate del veicolo.<\/p>\n\n\n\n<p><em>(foto: il sindaco e la giunta comunale davanti al nuovo Dobl\u00f2)<\/em><\/p>\n\n\n\n<p class=\"has-text-align-right\"><em>\u00a9 Riproduzione riservata<\/em><\/p>\n\n\n\n<figure class=\"wp-block-image size-full\"><img loading=\"lazy\" decoding=\"async\" width=\"926\" height=\"419\" src=\"https:\/\/www.siracusa2000.com\/wp-content\/uploads\/2021\/04\/banner-meteo-weekend.png\" alt=\"\" class=\"wp-image-55152\" srcset=\"https:\/\/www.siracusa2000.com\/wp-content\/uploads\/2021\/04\/banner-meteo-weekend.png 926w, https:\/\/www.siracusa2000.com\/wp-content\/uploads\/2021\/04\/banner-meteo-weekend-300x136.png 300w, https:\/\/www.siracusa2000.com\/wp-content\/uploads\/2021\/04\/banner-meteo-weekend-768x348.png 768w\" sizes=\"auto, (max-width: 926px) 100vw, 926px\" \/><\/figure>\n","protected":false},"excerpt":{"rendered":"<p>Per la terza volta, l\u2019Amministrazione comunale di Scicli ha aderito al progetto &nbsp;\u201cMobilit\u00e0 garantita\u201d promosso dalla PMG Italia, che prevede la concessione in comodato gratuito di un pulmino per il trasporto di persone diversamente abili, anziani e soggetti svantaggiati. Con <a href=\"https:\/\/www.siracusa2000.com\/index.php\/2022\/10\/03\/scicli-terzo-doblo-del-progetto-mobilita-garantita-servira-per-il-trasporto-dei-disabili\/\" class=\"read-more\">Leggi Tutto &#8230;<\/a><\/p>\n","protected":false},"author":1,"featured_media":73324,"comment_status":"closed","ping_status":"closed","sticky":true,"template":"","format":"standard","meta":{"footnotes":""},"categories":[9],"tags":[],"class_list":["post-73323","post","type-post","status-publish","format-standard","has-post-thumbnail","hentry","category-fuori-provincia"],"_links":{"self":[{"href":"https:\/\/www.siracusa2000.com\/index.php\/wp-json\/wp\/v2\/posts\/73323","targetHints":{"allow":["GET"]}}],"collection":[{"href":"https:\/\/www.siracusa2000.com\/index.php\/wp-json\/wp\/v2\/posts"}],"about":[{"href":"https:\/\/www.siracusa2000.com\/index.php\/wp-json\/wp\/v2\/types\/post"}],"author":[{"embeddable":true,"href":"https:\/\/www.siracusa2000.com\/index.php\/wp-json\/wp\/v2\/users\/1"}],"replies":[{"embeddable":true,"href":"https:\/\/www.siracusa2000.com\/index.php\/wp-json\/wp\/v2\/comments?post=73323"}],"version-history":[{"count":1,"href":"https:\/\/www.siracusa2000.com\/index.php\/wp-json\/wp\/v2\/posts\/73323\/revisions"}],"predecessor-version":[{"id":73325,"href":"https:\/\/www.siracusa2000.com\/index.php\/wp-json\/wp\/v2\/posts\/73323\/revisions\/73325"}],"wp:featuredmedia":[{"embeddable":true,"href":"https:\/\/www.siracusa2000.com\/index.php\/wp-json\/wp\/v2\/media\/73324"}],"wp:attachment":[{"href":"https:\/\/www.siracusa2000.com\/index.php\/wp-json\/wp\/v2\/media?parent=73323"}],"wp:term":[{"taxonomy":"category","embeddable":true,"href":"https:\/\/www.siracusa2000.com\/index.php\/wp-json\/wp\/v2\/categories?post=73323"},{"taxonomy":"post_tag","embeddable":true,"href":"https:\/\/www.siracusa2000.com\/index.php\/wp-json\/wp\/v2\/tags?post=73323"}],"curies":[{"name":"wp","href":"https:\/\/api.w.org\/{rel}","templated":true}]}}