{"id":73368,"date":"2022-10-04T09:30:00","date_gmt":"2022-10-04T07:30:00","guid":{"rendered":"https:\/\/www.siracusa2000.com\/?p=73368"},"modified":"2022-10-03T20:32:22","modified_gmt":"2022-10-03T18:32:22","slug":"siracusa-i-celadon-project-allinaugurazione-del-nuovo-anno-sociale-della-dante-alighieri","status":"publish","type":"post","link":"https:\/\/www.siracusa2000.com\/index.php\/2022\/10\/04\/siracusa-i-celadon-project-allinaugurazione-del-nuovo-anno-sociale-della-dante-alighieri\/","title":{"rendered":"Siracusa. I &#8220;Celadon Project&#8221; all&#8217;inaugurazione del nuovo anno sociale della Dante Alighieri"},"content":{"rendered":"\n<figure class=\"wp-block-image size-full\"><img loading=\"lazy\" decoding=\"async\" width=\"977\" height=\"576\" src=\"https:\/\/www.siracusa2000.com\/wp-content\/uploads\/2022\/10\/dante11.png\" alt=\"\" class=\"wp-image-73369\" srcset=\"https:\/\/www.siracusa2000.com\/wp-content\/uploads\/2022\/10\/dante11.png 977w, https:\/\/www.siracusa2000.com\/wp-content\/uploads\/2022\/10\/dante11-300x177.png 300w, https:\/\/www.siracusa2000.com\/wp-content\/uploads\/2022\/10\/dante11-768x453.png 768w\" sizes=\"auto, (max-width: 977px) 100vw, 977px\" \/><\/figure>\n\n\n\n<p>E\u2019 stato inaugurato, lo scorso 30 settembre, il nuovo anno sociale del <strong>Comitato Dante Alighieri di Siracusa,<\/strong> che ha riunito i suoi soci presso la sala refettorio dei Convento dei <strong>Frati Cappuccini<\/strong>. E\u2019 stata la <strong>presidente Maria Teresa Mangano<\/strong> a presentare il bilancio delle attivit\u00e0 svolte e ad annunciare il programma che la <strong>Dante<\/strong> intende attuare nel corso nel nuovo anno sociale.<\/p>\n\n\n\n<p>Un programma piuttosto nutrito, che spazia&nbsp; dalle presentazioni di libri, alla conferenza a tema, ai confermati <strong>corsi PLIDA<\/strong> per il rilascio delle certificazioni di lingua italiana L2, riservati agli stranieri.<\/p>\n\n\n\n<p>Previsti anche i <strong>corsi DITALS<\/strong>, organizzati per la formazione degli insegnanti, e un laboratorio di teatro per studenti stranieri, con gli attori del <strong>Gruppo VAN.<\/strong><\/p>\n\n\n\n<p>La serata ha vissuto anche piacevoli momenti di intrattenimento musicale, con i \u201c<strong>Celadon Project<\/strong>\u201d, gruppo composto da quattro giovani e promettenti musicisti, che hanno proposto un concerto ricco di sonorit\u00e0 delicate a tratti sensuali, con incisi ritmicamente sostenuti, su uno sfondo di samba e milonga.<\/p>\n\n\n\n<figure class=\"wp-block-image size-large\"><img loading=\"lazy\" decoding=\"async\" width=\"1024\" height=\"377\" src=\"https:\/\/www.siracusa2000.com\/wp-content\/uploads\/2022\/10\/concerto-1024x377.jpg\" alt=\"\" class=\"wp-image-73370\" srcset=\"https:\/\/www.siracusa2000.com\/wp-content\/uploads\/2022\/10\/concerto-1024x377.jpg 1024w, https:\/\/www.siracusa2000.com\/wp-content\/uploads\/2022\/10\/concerto-300x110.jpg 300w, https:\/\/www.siracusa2000.com\/wp-content\/uploads\/2022\/10\/concerto-768x283.jpg 768w, https:\/\/www.siracusa2000.com\/wp-content\/uploads\/2022\/10\/concerto.jpg 1030w\" sizes=\"auto, (max-width: 1024px) 100vw, 1024px\" \/><figcaption><em>da sinistra A. Groppi, S. Vivaldini, R. Gennuso, A. Montemagni<\/em><\/figcaption><\/figure>\n\n\n\n<p><strong>Stefano Vivaldini<\/strong> (chitarra), <strong>Arianna Groppi<\/strong> (flauto), <strong>Anna Montemagni<\/strong> (violoncello), e <strong>Roberta Gennuso<\/strong> (chitarra), questi i nomi dei quattro musicisti, hanno presentato musiche di <strong>Pujol, Astor Piazzolla<\/strong> e una <strong>Suite, \u201cA Malina<\/strong>\u201d, composta dallo stesso <strong>Stefano Vivaldini<\/strong>. <\/p>\n\n\n\n<p>Si tratta di una composizione costituita da 4 brevi bozzetti sonori, che si agganciavano al testo letterario letto, a turno, dai musicisti. <\/p>\n\n\n\n<p>L\u2019esibizione si \u00e8 conclusa con una tarantella tratta da una trascrizione ad orecchio di melodie siciliane, realizzata da un musicologo del \u2018700 e recuperata da un manoscritto originale conservato a <strong>Berlino<\/strong>.<\/p>\n\n\n\n<figure class=\"wp-block-image size-full\"><img loading=\"lazy\" decoding=\"async\" width=\"1000\" height=\"611\" src=\"https:\/\/www.siracusa2000.com\/wp-content\/uploads\/2022\/10\/mangano.jpg\" alt=\"\" class=\"wp-image-73371\" srcset=\"https:\/\/www.siracusa2000.com\/wp-content\/uploads\/2022\/10\/mangano.jpg 1000w, https:\/\/www.siracusa2000.com\/wp-content\/uploads\/2022\/10\/mangano-300x183.jpg 300w, https:\/\/www.siracusa2000.com\/wp-content\/uploads\/2022\/10\/mangano-768x469.jpg 768w\" sizes=\"auto, (max-width: 1000px) 100vw, 1000px\" \/><figcaption><em>la prof.ssa M. T. Mangano, presidente del Comitato Dante, con i &#8220;Celadon Project&#8221;<\/em><\/figcaption><\/figure>\n\n\n\n<p>Al termine del concerto, ci siamo intrattenuti con il leader dei \u201c<strong>Celadon Project\u201d,<\/strong> <strong>Stefano Vivaldini,<\/strong> al quale abbiamo posto alcune domande<\/p>\n\n\n\n<p class=\"has-drop-cap has-light-black-color has-text-color has-regular-font-size\"><em>Da cosa nasce la tua ultima opera \u201cA Malina: una samba lenta\u201d?<\/em><\/p>\n\n\n\n<p>L\u2019opera nasce da un breve racconto surreale che ho scritto anni fa. In questo racconto Malina e tre suoi amici si ritrovano in luoghi immaginari simbolo di atteggiamenti che persone diverse hanno nell\u2019affrontare il quotidiano. <\/p>\n\n\n\n<p>Con la musica ho ricreato degli ambienti sonori partendo dai personaggi, dai loro stati d\u2019animo per poi descrivere ci\u00f2 che gli stava intorno. Malina se ne sta nell\u2019angolo di una piazza e chiudendo gli occhi sente i tacchi dei passanti sbattere sulle pietre e questo \u201critmo sottile\u201d crea una samba lenta su cui la sua anima balla. <\/p>\n\n\n\n<p>La risvegliano dall\u2019incanto gli amici che arrivano, uno per volta, la portano per le vie della citt\u00e0, in una foresta e in una casa senza porte n\u00e9 finestre perch\u00e9 erano scappati tutti. Malina si spoglia di tutto e in una stanza da cui si vede il mare all\u2019alba, a mezzogiorno e al tramonto, trova il suo posto.<\/p>\n\n\n\n<p class=\"has-drop-cap has-light-black-color has-text-color\"><em>Quindi quest\u2019opera si esprime attraverso pi\u00f9 forme d\u2019arte?<\/em><\/p>\n\n\n\n<p>Si, infatti oltre alla musica e al testo ho anche dipinto dei quadri per ognuno dei quattro movimenti. Questo \u00e8 il modo in cui preferisco lavorare. Sicuramente il fulcro rimane la musica ma le altre forme d\u2019arte mi aiutano a completare la visione.<\/p>\n\n\n\n<p class=\"has-drop-cap has-light-black-color has-text-color\"><em>Le tue opere nascono sempre da un racconto?<\/em><\/p>\n\n\n\n<p>E\u2019 difficile da spiegare per me, tutto in realt\u00e0 nasce nello stesso momento, da una visione che si esprime in tante forme. Non bisogna pensare che le varie forme siano complementari, sono semplicemente punti di vista diversi e indipendenti sulla stessa visione.<\/p>\n\n\n\n<p class=\"has-drop-cap has-light-black-color has-text-color\"><em>Quali sono le sonorit\u00e0 che ti hanno ispirato?<\/em><\/p>\n\n\n\n<p>Ho provato a ricreare le sonorit\u00e0 della samba tradizionale, per questo ho dato una grande importanza alle chitarre, per definire le armonie, come percussioni e affidandogli anche delle importanti parti solistiche.<\/p>\n\n\n\n<p><em>(fotocopertina: il concerto dei \u201cCeladon Project\u201d)<\/em><\/p>\n\n\n\n<p class=\"has-text-align-right\"><em>\u00a9 Riproduzione riservata<\/em><\/p>\n\n\n\n<div class=\"wp-block-image\"><figure class=\"aligncenter size-full\"><img loading=\"lazy\" decoding=\"async\" width=\"579\" height=\"197\" src=\"https:\/\/www.siracusa2000.com\/wp-content\/uploads\/2020\/06\/bug-spazio-italia.gif\" alt=\"\" class=\"wp-image-42207\"\/><\/figure><\/div>\n","protected":false},"excerpt":{"rendered":"<p>E\u2019 stato inaugurato, lo scorso 30 settembre, il nuovo anno sociale del Comitato Dante Alighieri di Siracusa, che ha riunito i suoi soci presso la sala refettorio dei Convento dei Frati Cappuccini. E\u2019 stata la presidente Maria Teresa Mangano a <a href=\"https:\/\/www.siracusa2000.com\/index.php\/2022\/10\/04\/siracusa-i-celadon-project-allinaugurazione-del-nuovo-anno-sociale-della-dante-alighieri\/\" class=\"read-more\">Leggi Tutto &#8230;<\/a><\/p>\n","protected":false},"author":1,"featured_media":73369,"comment_status":"closed","ping_status":"closed","sticky":true,"template":"","format":"standard","meta":{"footnotes":""},"categories":[11],"tags":[],"class_list":["post-73368","post","type-post","status-publish","format-standard","has-post-thumbnail","hentry","category-attualita"],"_links":{"self":[{"href":"https:\/\/www.siracusa2000.com\/index.php\/wp-json\/wp\/v2\/posts\/73368","targetHints":{"allow":["GET"]}}],"collection":[{"href":"https:\/\/www.siracusa2000.com\/index.php\/wp-json\/wp\/v2\/posts"}],"about":[{"href":"https:\/\/www.siracusa2000.com\/index.php\/wp-json\/wp\/v2\/types\/post"}],"author":[{"embeddable":true,"href":"https:\/\/www.siracusa2000.com\/index.php\/wp-json\/wp\/v2\/users\/1"}],"replies":[{"embeddable":true,"href":"https:\/\/www.siracusa2000.com\/index.php\/wp-json\/wp\/v2\/comments?post=73368"}],"version-history":[{"count":3,"href":"https:\/\/www.siracusa2000.com\/index.php\/wp-json\/wp\/v2\/posts\/73368\/revisions"}],"predecessor-version":[{"id":73374,"href":"https:\/\/www.siracusa2000.com\/index.php\/wp-json\/wp\/v2\/posts\/73368\/revisions\/73374"}],"wp:featuredmedia":[{"embeddable":true,"href":"https:\/\/www.siracusa2000.com\/index.php\/wp-json\/wp\/v2\/media\/73369"}],"wp:attachment":[{"href":"https:\/\/www.siracusa2000.com\/index.php\/wp-json\/wp\/v2\/media?parent=73368"}],"wp:term":[{"taxonomy":"category","embeddable":true,"href":"https:\/\/www.siracusa2000.com\/index.php\/wp-json\/wp\/v2\/categories?post=73368"},{"taxonomy":"post_tag","embeddable":true,"href":"https:\/\/www.siracusa2000.com\/index.php\/wp-json\/wp\/v2\/tags?post=73368"}],"curies":[{"name":"wp","href":"https:\/\/api.w.org\/{rel}","templated":true}]}}