{"id":73387,"date":"2022-10-04T08:59:51","date_gmt":"2022-10-04T06:59:51","guid":{"rendered":"https:\/\/www.siracusa2000.com\/?p=73387"},"modified":"2022-10-04T19:51:54","modified_gmt":"2022-10-04T17:51:54","slug":"siracusa-listituto-federico-ii-di-svevia-celebra-la-giornata-internazionale-del-caffe","status":"publish","type":"post","link":"https:\/\/www.siracusa2000.com\/index.php\/2022\/10\/04\/siracusa-listituto-federico-ii-di-svevia-celebra-la-giornata-internazionale-del-caffe\/","title":{"rendered":"Siracusa. L&#8217;Istituto &#8220;Federico II di Svevia&#8221; celebra la Giornata Internazionale del Caff\u00e8"},"content":{"rendered":"\n<figure class=\"wp-block-image size-full\"><img loading=\"lazy\" decoding=\"async\" width=\"912\" height=\"557\" src=\"https:\/\/www.siracusa2000.com\/wp-content\/uploads\/2022\/10\/sr-2.png\" alt=\"\" class=\"wp-image-73424\" srcset=\"https:\/\/www.siracusa2000.com\/wp-content\/uploads\/2022\/10\/sr-2.png 912w, https:\/\/www.siracusa2000.com\/wp-content\/uploads\/2022\/10\/sr-2-300x183.png 300w, https:\/\/www.siracusa2000.com\/wp-content\/uploads\/2022\/10\/sr-2-768x469.png 768w\" sizes=\"auto, (max-width: 912px) 100vw, 912px\" \/><\/figure>\n\n\n\n<p>\u201cIl caff\u00e8, una miniera di principi attivi a favore della salute\u201d&nbsp; \u00e8 stato il titolo dell\u2019evento, ospitato nella \u201c<strong>Sala Visetti&#8221;<\/strong> dell&#8217;<strong>Istituto \u201cFederico II di Svevia\u201d, <\/strong>in occasione della <strong>Giornata Internazionale del Caff\u00e8.<\/strong><\/p>\n\n\n\n<p>A trattare dei tanti benefici del caff\u00e8 sulla salute, il neo deputato regionale <strong>Carlo Gilistro<\/strong>, ovviamente non nelle vesti di parlamentare, bens\u00ec in qualit\u00e0 di medico pediatra ed allergologo, che ha relazionato su principi attivi presenti nel caff\u00e8.<\/p>\n\n\n\n<p>Il <strong>dott. Marco Randazzo<\/strong>, &nbsp;responsabile commerciale Brazilcaf\u00e8, si \u00e8, invece, soffermato sulle miscele di qualit\u00e0 di caff\u00e8 e monorigini.<\/p>\n\n\n\n<p>In un evento in cui l\u2019oggetto di discussione e dibattito \u00e8 stato il caff\u00e8, non potevano certo mancare le degustazioni e le dimostrazioni tecnico pratiche, alle quali ha provveduto <strong>Giuseppe Fiorini,<\/strong> <strong>campione d\u2019Italia di Latte Art nel 2016.<\/strong><\/p>\n\n\n\n<p>Anche gli insegnanti del \u201c<strong>Federico di Svevia<\/strong>\u201d hanno fatto la loro parte, con <strong>Gaetano Bongiovanni<\/strong> , professore di sala e vendita, che con il <strong>dott. Marco Randazzo<\/strong> ha eseguito varie estrazioni di caff\u00e8 con i metodi Air press, syphon, chemex e cold brew.<\/p>\n\n\n\n<p>Non sono mancate alcune ricette preparate da <strong>Rosario La Terra<\/strong>, che ha proposto il caff\u00e8 shakerato con ciliegine di <strong>mozzarella di bufala ragusana<\/strong>.<\/p>\n\n\n\n<figure class=\"wp-block-image size-large\"><img loading=\"lazy\" decoding=\"async\" width=\"1024\" height=\"350\" src=\"https:\/\/www.siracusa2000.com\/wp-content\/uploads\/2022\/10\/ipsar1-1024x350.jpg\" alt=\"\" class=\"wp-image-73388\" srcset=\"https:\/\/www.siracusa2000.com\/wp-content\/uploads\/2022\/10\/ipsar1-1024x350.jpg 1024w, https:\/\/www.siracusa2000.com\/wp-content\/uploads\/2022\/10\/ipsar1-300x102.jpg 300w, https:\/\/www.siracusa2000.com\/wp-content\/uploads\/2022\/10\/ipsar1-768x262.jpg 768w, https:\/\/www.siracusa2000.com\/wp-content\/uploads\/2022\/10\/ipsar1.jpg 1086w\" sizes=\"auto, (max-width: 1024px) 100vw, 1024px\" \/><\/figure>\n\n\n\n<p>A preparare il coffee break sono stati alcuni studenti dell\u2019indirizzo enogastronomia, che insieme ai docenti Visetti Aliano, Blandini, Calascibetta, Donzella e Fichera, hanno realizzato i bign\u00e8 di Kapy Royal con glassa di femminello di Siracusa, arancine al Huehuetennago de Guatemale e <strong>cioccolato di Modica.<\/strong><\/p>\n\n\n\n<p>Insomma una manifestazione che \u00e8 servita a far conoscere le immense qualit\u00e0 che si nascondono dentro qui piccoli chicchi di caff\u00e8 e che, come ha sottolineato la dirigente scolastica del \u201cFederico II di Svevia\u201d, \u00e8 stata dimostrazione dell&#8217;importanza dell&#8217;istituto alberghiero &nbsp;nel fare acquisire ai propri studenti professionalit\u00e0, conoscenze e competenze, &nbsp;nonch\u00e9 le nuove tendenze nel settore della ristorazione in generale e della caffetteria.<\/p>\n\n\n\n<p>La manifestazione \u00e8 stata organizzata dall&#8217;<strong>associazione culturale-enogastronomica &#8220;Mangiare Bene e non solo<\/strong>&#8220;.<\/p>\n\n\n\n<p><em>(fotocopertina: un momento del convegno nella Sala Visetti del \u201cFederico II di Svevia\u201d)<\/em><\/p>\n\n\n\n<p class=\"has-text-align-right\"><em>\u00a9 Riproduzione riservata<\/em><\/p>\n\n\n\n<figure class=\"wp-block-image size-full\"><img loading=\"lazy\" decoding=\"async\" width=\"926\" height=\"419\" src=\"https:\/\/www.siracusa2000.com\/wp-content\/uploads\/2021\/04\/banner-meteo-weekend.png\" alt=\"\" class=\"wp-image-55152\" srcset=\"https:\/\/www.siracusa2000.com\/wp-content\/uploads\/2021\/04\/banner-meteo-weekend.png 926w, https:\/\/www.siracusa2000.com\/wp-content\/uploads\/2021\/04\/banner-meteo-weekend-300x136.png 300w, https:\/\/www.siracusa2000.com\/wp-content\/uploads\/2021\/04\/banner-meteo-weekend-768x348.png 768w\" sizes=\"auto, (max-width: 926px) 100vw, 926px\" \/><\/figure>\n","protected":false},"excerpt":{"rendered":"<p>\u201cIl caff\u00e8, una miniera di principi attivi a favore della salute\u201d&nbsp; \u00e8 stato il titolo dell\u2019evento, ospitato nella \u201cSala Visetti&#8221; dell&#8217;Istituto \u201cFederico II di Svevia\u201d, in occasione della Giornata Internazionale del Caff\u00e8. A trattare dei tanti benefici del caff\u00e8 sulla <a href=\"https:\/\/www.siracusa2000.com\/index.php\/2022\/10\/04\/siracusa-listituto-federico-ii-di-svevia-celebra-la-giornata-internazionale-del-caffe\/\" class=\"read-more\">Leggi Tutto &#8230;<\/a><\/p>\n","protected":false},"author":1,"featured_media":73424,"comment_status":"closed","ping_status":"closed","sticky":true,"template":"","format":"standard","meta":{"footnotes":""},"categories":[7],"tags":[],"class_list":["post-73387","post","type-post","status-publish","format-standard","has-post-thumbnail","hentry","category-citta"],"_links":{"self":[{"href":"https:\/\/www.siracusa2000.com\/index.php\/wp-json\/wp\/v2\/posts\/73387","targetHints":{"allow":["GET"]}}],"collection":[{"href":"https:\/\/www.siracusa2000.com\/index.php\/wp-json\/wp\/v2\/posts"}],"about":[{"href":"https:\/\/www.siracusa2000.com\/index.php\/wp-json\/wp\/v2\/types\/post"}],"author":[{"embeddable":true,"href":"https:\/\/www.siracusa2000.com\/index.php\/wp-json\/wp\/v2\/users\/1"}],"replies":[{"embeddable":true,"href":"https:\/\/www.siracusa2000.com\/index.php\/wp-json\/wp\/v2\/comments?post=73387"}],"version-history":[{"count":4,"href":"https:\/\/www.siracusa2000.com\/index.php\/wp-json\/wp\/v2\/posts\/73387\/revisions"}],"predecessor-version":[{"id":73426,"href":"https:\/\/www.siracusa2000.com\/index.php\/wp-json\/wp\/v2\/posts\/73387\/revisions\/73426"}],"wp:featuredmedia":[{"embeddable":true,"href":"https:\/\/www.siracusa2000.com\/index.php\/wp-json\/wp\/v2\/media\/73424"}],"wp:attachment":[{"href":"https:\/\/www.siracusa2000.com\/index.php\/wp-json\/wp\/v2\/media?parent=73387"}],"wp:term":[{"taxonomy":"category","embeddable":true,"href":"https:\/\/www.siracusa2000.com\/index.php\/wp-json\/wp\/v2\/categories?post=73387"},{"taxonomy":"post_tag","embeddable":true,"href":"https:\/\/www.siracusa2000.com\/index.php\/wp-json\/wp\/v2\/tags?post=73387"}],"curies":[{"name":"wp","href":"https:\/\/api.w.org\/{rel}","templated":true}]}}