{"id":73427,"date":"2022-10-04T19:55:05","date_gmt":"2022-10-04T17:55:05","guid":{"rendered":"https:\/\/www.siracusa2000.com\/?p=73427"},"modified":"2022-10-04T19:55:07","modified_gmt":"2022-10-04T17:55:07","slug":"ragusa-record-di-visitatori-per-la-fiera-agroalimentare-soddisfazione-del-sindaco-cassi","status":"publish","type":"post","link":"https:\/\/www.siracusa2000.com\/index.php\/2022\/10\/04\/ragusa-record-di-visitatori-per-la-fiera-agroalimentare-soddisfazione-del-sindaco-cassi\/","title":{"rendered":"Ragusa. Record di visitatori per la Fiera Agroalimentare, soddisfazione del sindaco Cass\u00ec"},"content":{"rendered":"\n<figure class=\"wp-block-image size-large\"><img loading=\"lazy\" decoding=\"async\" width=\"1024\" height=\"586\" src=\"https:\/\/www.siracusa2000.com\/wp-content\/uploads\/2022\/10\/far1-1024x586.png\" alt=\"\" class=\"wp-image-73428\" srcset=\"https:\/\/www.siracusa2000.com\/wp-content\/uploads\/2022\/10\/far1-1024x586.png 1024w, https:\/\/www.siracusa2000.com\/wp-content\/uploads\/2022\/10\/far1-300x172.png 300w, https:\/\/www.siracusa2000.com\/wp-content\/uploads\/2022\/10\/far1-768x440.png 768w, https:\/\/www.siracusa2000.com\/wp-content\/uploads\/2022\/10\/far1.png 1027w\" sizes=\"auto, (max-width: 1024px) 100vw, 1024px\" \/><\/figure>\n\n\n\n<p>Ha superato le pi\u00f9 rosee previsioni, la <strong>Fiera Agroalimentare di Ragusa<\/strong>, che si \u00e8 svolta al <strong>Foro<\/strong> <strong>Boario,<\/strong> da venerd\u00ec \u00a030 settembre a domenica 2 ottobre.<\/p>\n\n\n\n<p>Soddisfatto dei numeri da record, il <strong>sindaco di Ragusa, Peppe Cass\u00ec<\/strong>, per il quale il grande successo registrato dalla manifestazione \u201c\u00e8 la prova, l\u2019ennesima, di quanto la nostra comunit\u00e0 sia ormai storicamente legata a questo evento, che\u201d \u2013 sottolinea \u2013 \u201csi connette alle nostre tradizioni, valorizza il presente della nostra economia e la proietta verso nuovi sviluppi e nuovi mercati\u201d.<\/p>\n\n\n\n<p>Una decisione saggia, dunque, quella dell\u2019Amministrazione comunale di accogliere l\u2019appello del <strong>Consorzio Interprovinciale degli allevatori<\/strong> e di sostenere la nuova Fiera, dopo il forfait della <strong>Camera di Commercio<\/strong>.<\/p>\n\n\n\n<p>\u201cDa questa grande affluenza\u201d \u2013 chiosa <strong>Peppe Cass\u00ec<\/strong> \u2013 \u201coccorre ripartire per fare sempre meglio\u201d.<\/p>\n\n\n\n<p><em>(foto: il sindaco di Ragusa, P. Cass\u00ec ed il commissario straordinario dell\u2019ex Provincia, S. Piazza)<\/em><\/p>\n\n\n\n<p class=\"has-text-align-right\"><em>\u00a9 Riproduzione riservata<\/em><\/p>\n\n\n\n<figure class=\"wp-block-image size-large\"><img loading=\"lazy\" decoding=\"async\" width=\"1024\" height=\"184\" src=\"https:\/\/www.siracusa2000.com\/wp-content\/uploads\/2020\/12\/negozi-vicinato-1024x184.png\" alt=\"\" class=\"wp-image-49602\" srcset=\"https:\/\/www.siracusa2000.com\/wp-content\/uploads\/2020\/12\/negozi-vicinato-1024x184.png 1024w, https:\/\/www.siracusa2000.com\/wp-content\/uploads\/2020\/12\/negozi-vicinato-300x54.png 300w, https:\/\/www.siracusa2000.com\/wp-content\/uploads\/2020\/12\/negozi-vicinato-768x138.png 768w, https:\/\/www.siracusa2000.com\/wp-content\/uploads\/2020\/12\/negozi-vicinato.png 1094w\" sizes=\"auto, (max-width: 1024px) 100vw, 1024px\" \/><\/figure>\n","protected":false},"excerpt":{"rendered":"<p>Ha superato le pi\u00f9 rosee previsioni, la Fiera Agroalimentare di Ragusa, che si \u00e8 svolta al Foro Boario, da venerd\u00ec \u00a030 settembre a domenica 2 ottobre. Soddisfatto dei numeri da record, il sindaco di Ragusa, Peppe Cass\u00ec, per il quale <a href=\"https:\/\/www.siracusa2000.com\/index.php\/2022\/10\/04\/ragusa-record-di-visitatori-per-la-fiera-agroalimentare-soddisfazione-del-sindaco-cassi\/\" class=\"read-more\">Leggi Tutto &#8230;<\/a><\/p>\n","protected":false},"author":1,"featured_media":73428,"comment_status":"closed","ping_status":"closed","sticky":true,"template":"","format":"standard","meta":{"footnotes":""},"categories":[11],"tags":[],"class_list":["post-73427","post","type-post","status-publish","format-standard","has-post-thumbnail","hentry","category-attualita"],"_links":{"self":[{"href":"https:\/\/www.siracusa2000.com\/index.php\/wp-json\/wp\/v2\/posts\/73427","targetHints":{"allow":["GET"]}}],"collection":[{"href":"https:\/\/www.siracusa2000.com\/index.php\/wp-json\/wp\/v2\/posts"}],"about":[{"href":"https:\/\/www.siracusa2000.com\/index.php\/wp-json\/wp\/v2\/types\/post"}],"author":[{"embeddable":true,"href":"https:\/\/www.siracusa2000.com\/index.php\/wp-json\/wp\/v2\/users\/1"}],"replies":[{"embeddable":true,"href":"https:\/\/www.siracusa2000.com\/index.php\/wp-json\/wp\/v2\/comments?post=73427"}],"version-history":[{"count":1,"href":"https:\/\/www.siracusa2000.com\/index.php\/wp-json\/wp\/v2\/posts\/73427\/revisions"}],"predecessor-version":[{"id":73429,"href":"https:\/\/www.siracusa2000.com\/index.php\/wp-json\/wp\/v2\/posts\/73427\/revisions\/73429"}],"wp:featuredmedia":[{"embeddable":true,"href":"https:\/\/www.siracusa2000.com\/index.php\/wp-json\/wp\/v2\/media\/73428"}],"wp:attachment":[{"href":"https:\/\/www.siracusa2000.com\/index.php\/wp-json\/wp\/v2\/media?parent=73427"}],"wp:term":[{"taxonomy":"category","embeddable":true,"href":"https:\/\/www.siracusa2000.com\/index.php\/wp-json\/wp\/v2\/categories?post=73427"},{"taxonomy":"post_tag","embeddable":true,"href":"https:\/\/www.siracusa2000.com\/index.php\/wp-json\/wp\/v2\/tags?post=73427"}],"curies":[{"name":"wp","href":"https:\/\/api.w.org\/{rel}","templated":true}]}}