{"id":73444,"date":"2022-10-05T14:41:32","date_gmt":"2022-10-05T12:41:32","guid":{"rendered":"https:\/\/www.siracusa2000.com\/?p=73444"},"modified":"2022-10-05T21:01:45","modified_gmt":"2022-10-05T19:01:45","slug":"ragusa-torna-la-festa-degli-artisti-di-strada-da-venerdi-a-domenica-tutti-allibla-buskers","status":"publish","type":"post","link":"https:\/\/www.siracusa2000.com\/index.php\/2022\/10\/05\/ragusa-torna-la-festa-degli-artisti-di-strada-da-venerdi-a-domenica-tutti-allibla-buskers\/","title":{"rendered":"Ragusa. Torna la festa degli artisti di strada, da venerd\u00ec  a domenica tutti all'&#8221;Ibla Buskers&#8221;"},"content":{"rendered":"\n<p>Dopo due anni di stop causa <strong>covid<\/strong>, adesso che siamo tornati alla normalit\u00e0 ( ammesso che di normalit\u00e0 si possa parlare, considerata la situazione di guerra, crisi economica ed incertezze varie che stiamo vivendo!) a <strong>Ragusa<\/strong> torna anche \u201c<strong>Ibla Buskers<\/strong>\u201d, la manifestazione ideata da <strong>Francesco Pinna<\/strong> e <strong>Antonio Lacognata<\/strong> dell\u2019<strong>associazione Edrisi<\/strong>, la cui prima edizione \u00e8 datata 1995.<\/p>\n\n\n\n<figure class=\"wp-block-image size-large\"><img loading=\"lazy\" decoding=\"async\" width=\"1024\" height=\"587\" src=\"https:\/\/www.siracusa2000.com\/wp-content\/uploads\/2022\/10\/rg1-2-1024x587.png\" alt=\"\" class=\"wp-image-73456\" srcset=\"https:\/\/www.siracusa2000.com\/wp-content\/uploads\/2022\/10\/rg1-2-1024x587.png 1024w, https:\/\/www.siracusa2000.com\/wp-content\/uploads\/2022\/10\/rg1-2-300x172.png 300w, https:\/\/www.siracusa2000.com\/wp-content\/uploads\/2022\/10\/rg1-2-768x440.png 768w, https:\/\/www.siracusa2000.com\/wp-content\/uploads\/2022\/10\/rg1-2.png 1040w\" sizes=\"auto, (max-width: 1024px) 100vw, 1024px\" \/><\/figure>\n\n\n\n<p>L\u2019edizione della ripartenza, come, ormai siamo soliti dire, \u00e8 in programma da venerd\u00ec 7 a domenica 9 ottobre e sar\u00e0 illustrata in conferenza stampa, domani a mezzogiorno, nella <strong>Sala Giunta di Palazzo dell\u2019Aquila<\/strong>.<\/p>\n\n\n\n<p>Tra le novit\u00e0 con il ritorno dei laboratori per bambini &nbsp;ai <strong>Giardini Iblei<\/strong>, anche uno spettacolo pomeridiano, dedicato a tutte le et\u00e0, con numeri di giocoleria, equilibrismo e clownerie.<\/p>\n\n\n\n<p>Piuttosto ricco il cartellone delle attrazioni in arrivo, tra cui <strong>Juriy Longhi<\/strong> con il <strong>Bubble Street Cirkus<\/strong>, spettacolo pluripremiato in <strong>Italia<\/strong> e all\u2019<strong>estero.<\/strong><\/p>\n\n\n\n<p>All\u2019incontro con i giornalisti sar\u00e0 presente l\u2019<strong>assessore comunale allo Spettacolo, Ciccio Barone, <\/strong>insieme ai rappresentanti dell\u2019associazione<strong> Edrisi.<\/strong><\/p>\n\n\n\n<p><em>(foto: il manifesto realizzato da Giovanna Alberini.A destra Juriy Longhi)<\/em><\/p>\n\n\n\n<p class=\"has-text-align-right\"><em>\u00a9 Riproduzione riservata<\/em><\/p>\n\n\n\n<div class=\"wp-block-image\"><figure class=\"aligncenter size-full\"><img loading=\"lazy\" decoding=\"async\" width=\"720\" height=\"159\" src=\"https:\/\/www.siracusa2000.com\/wp-content\/uploads\/2022\/08\/banner-meteo.png\" alt=\"\" class=\"wp-image-72101\" srcset=\"https:\/\/www.siracusa2000.com\/wp-content\/uploads\/2022\/08\/banner-meteo.png 720w, https:\/\/www.siracusa2000.com\/wp-content\/uploads\/2022\/08\/banner-meteo-300x66.png 300w\" sizes=\"auto, (max-width: 720px) 100vw, 720px\" \/><\/figure><\/div>\n","protected":false},"excerpt":{"rendered":"<p>Dopo due anni di stop causa covid, adesso che siamo tornati alla normalit\u00e0 ( ammesso che di normalit\u00e0 si possa parlare, considerata la situazione di guerra, crisi economica ed incertezze varie che stiamo vivendo!) a Ragusa torna anche \u201cIbla Buskers\u201d, <a href=\"https:\/\/www.siracusa2000.com\/index.php\/2022\/10\/05\/ragusa-torna-la-festa-degli-artisti-di-strada-da-venerdi-a-domenica-tutti-allibla-buskers\/\" class=\"read-more\">Leggi Tutto &#8230;<\/a><\/p>\n","protected":false},"author":1,"featured_media":73456,"comment_status":"closed","ping_status":"closed","sticky":true,"template":"","format":"standard","meta":{"footnotes":""},"categories":[9],"tags":[],"class_list":["post-73444","post","type-post","status-publish","format-standard","has-post-thumbnail","hentry","category-fuori-provincia"],"_links":{"self":[{"href":"https:\/\/www.siracusa2000.com\/index.php\/wp-json\/wp\/v2\/posts\/73444","targetHints":{"allow":["GET"]}}],"collection":[{"href":"https:\/\/www.siracusa2000.com\/index.php\/wp-json\/wp\/v2\/posts"}],"about":[{"href":"https:\/\/www.siracusa2000.com\/index.php\/wp-json\/wp\/v2\/types\/post"}],"author":[{"embeddable":true,"href":"https:\/\/www.siracusa2000.com\/index.php\/wp-json\/wp\/v2\/users\/1"}],"replies":[{"embeddable":true,"href":"https:\/\/www.siracusa2000.com\/index.php\/wp-json\/wp\/v2\/comments?post=73444"}],"version-history":[{"count":2,"href":"https:\/\/www.siracusa2000.com\/index.php\/wp-json\/wp\/v2\/posts\/73444\/revisions"}],"predecessor-version":[{"id":73457,"href":"https:\/\/www.siracusa2000.com\/index.php\/wp-json\/wp\/v2\/posts\/73444\/revisions\/73457"}],"wp:featuredmedia":[{"embeddable":true,"href":"https:\/\/www.siracusa2000.com\/index.php\/wp-json\/wp\/v2\/media\/73456"}],"wp:attachment":[{"href":"https:\/\/www.siracusa2000.com\/index.php\/wp-json\/wp\/v2\/media?parent=73444"}],"wp:term":[{"taxonomy":"category","embeddable":true,"href":"https:\/\/www.siracusa2000.com\/index.php\/wp-json\/wp\/v2\/categories?post=73444"},{"taxonomy":"post_tag","embeddable":true,"href":"https:\/\/www.siracusa2000.com\/index.php\/wp-json\/wp\/v2\/tags?post=73444"}],"curies":[{"name":"wp","href":"https:\/\/api.w.org\/{rel}","templated":true}]}}