{"id":73473,"date":"2022-10-06T16:52:36","date_gmt":"2022-10-06T14:52:36","guid":{"rendered":"https:\/\/www.siracusa2000.com\/?p=73473"},"modified":"2022-10-06T16:52:42","modified_gmt":"2022-10-06T14:52:42","slug":"giarre-sabato-mattina-si-inaugura-la-cappella-n-5-dellarciconfraternita-del-ss-sacramento","status":"publish","type":"post","link":"https:\/\/www.siracusa2000.com\/index.php\/2022\/10\/06\/giarre-sabato-mattina-si-inaugura-la-cappella-n-5-dellarciconfraternita-del-ss-sacramento\/","title":{"rendered":"Giarre. Sabato mattina si inaugura la Cappella n. 5 dell&#8217;Arciconfraternita del SS. Sacramento"},"content":{"rendered":"\n<figure class=\"wp-block-image size-full\"><img loading=\"lazy\" decoding=\"async\" width=\"845\" height=\"530\" src=\"https:\/\/www.siracusa2000.com\/wp-content\/uploads\/2022\/10\/giarre.png\" alt=\"\" class=\"wp-image-73474\" srcset=\"https:\/\/www.siracusa2000.com\/wp-content\/uploads\/2022\/10\/giarre.png 845w, https:\/\/www.siracusa2000.com\/wp-content\/uploads\/2022\/10\/giarre-300x188.png 300w, https:\/\/www.siracusa2000.com\/wp-content\/uploads\/2022\/10\/giarre-768x482.png 768w\" sizes=\"auto, (max-width: 845px) 100vw, 845px\" \/><\/figure>\n\n\n\n<p><strong>Sar\u00e0 benedetta sabato mattina, <\/strong>alla presenza del&nbsp;<strong>Vicario Generale, don Agostino Russo<\/strong>, di&nbsp;<strong>Mons. Giovanni Mammino<\/strong>&nbsp;e dell&#8217;<strong>Assistente Ecclesiastico Don Antonio Russo, <\/strong>la Cappella numero 5 del cimitero, appartenente all&#8217;<strong>Arciconfraternita del Santissimo Sacramento<\/strong>, che ha sede nella <strong>Parrocchia Sant&#8217;Isidoro Agricola.<\/strong><\/p>\n\n\n\n<p>I lavori, nel corso degli anni, hanno sub\u00ecto diverse sospensioni, dovute anche alla situazione di dissesto finanziario dell\u2019<strong>Arciconfraternita<\/strong>, tanto che \u00e8 intervenuto il<strong> Vescovo della Diocesi di Acireale,<\/strong>  il quale ha nominato l\u2019<strong>avv. Damiano Melfi, <\/strong>quale commissario straordinario. <\/p>\n\n\n\n<p>L\u2019intervento di <strong>Mons. Antonino Raspanti<\/strong> ha avuto esito risolutivo perch\u00e9 la Cappella \u00e8 stata, adesso, completata e sabato si proceder\u00e0 con la benedizione. <\/p>\n\n\n\n<p>La cerimonia \u00e8 in programma alle ore 11.30 ed \u00e8 aperta alla partecipazione dei confrati.<\/p>\n\n\n\n<p><em>(foto: il cimitero di Giarre \u2013 repertorio internet)<\/em><\/p>\n\n\n\n<p class=\"has-text-align-right\"><em>\u00a9 Riproduzione riservata<\/em><\/p>\n\n\n\n<figure class=\"wp-block-image size-full\"><img loading=\"lazy\" decoding=\"async\" width=\"1000\" height=\"220\" src=\"https:\/\/www.siracusa2000.com\/wp-content\/uploads\/2022\/10\/bug-messa-ore-18-1.png\" alt=\"\" class=\"wp-image-73329\" srcset=\"https:\/\/www.siracusa2000.com\/wp-content\/uploads\/2022\/10\/bug-messa-ore-18-1.png 1000w, https:\/\/www.siracusa2000.com\/wp-content\/uploads\/2022\/10\/bug-messa-ore-18-1-300x66.png 300w, https:\/\/www.siracusa2000.com\/wp-content\/uploads\/2022\/10\/bug-messa-ore-18-1-768x169.png 768w\" sizes=\"auto, (max-width: 1000px) 100vw, 1000px\" \/><\/figure>\n","protected":false},"excerpt":{"rendered":"<p>Sar\u00e0 benedetta sabato mattina, alla presenza del&nbsp;Vicario Generale, don Agostino Russo, di&nbsp;Mons. Giovanni Mammino&nbsp;e dell&#8217;Assistente Ecclesiastico Don Antonio Russo, la Cappella numero 5 del cimitero, appartenente all&#8217;Arciconfraternita del Santissimo Sacramento, che ha sede nella Parrocchia Sant&#8217;Isidoro Agricola. I lavori, nel <a href=\"https:\/\/www.siracusa2000.com\/index.php\/2022\/10\/06\/giarre-sabato-mattina-si-inaugura-la-cappella-n-5-dellarciconfraternita-del-ss-sacramento\/\" class=\"read-more\">Leggi Tutto &#8230;<\/a><\/p>\n","protected":false},"author":1,"featured_media":73474,"comment_status":"closed","ping_status":"closed","sticky":true,"template":"","format":"standard","meta":{"footnotes":""},"categories":[9],"tags":[],"class_list":["post-73473","post","type-post","status-publish","format-standard","has-post-thumbnail","hentry","category-fuori-provincia"],"_links":{"self":[{"href":"https:\/\/www.siracusa2000.com\/index.php\/wp-json\/wp\/v2\/posts\/73473","targetHints":{"allow":["GET"]}}],"collection":[{"href":"https:\/\/www.siracusa2000.com\/index.php\/wp-json\/wp\/v2\/posts"}],"about":[{"href":"https:\/\/www.siracusa2000.com\/index.php\/wp-json\/wp\/v2\/types\/post"}],"author":[{"embeddable":true,"href":"https:\/\/www.siracusa2000.com\/index.php\/wp-json\/wp\/v2\/users\/1"}],"replies":[{"embeddable":true,"href":"https:\/\/www.siracusa2000.com\/index.php\/wp-json\/wp\/v2\/comments?post=73473"}],"version-history":[{"count":1,"href":"https:\/\/www.siracusa2000.com\/index.php\/wp-json\/wp\/v2\/posts\/73473\/revisions"}],"predecessor-version":[{"id":73475,"href":"https:\/\/www.siracusa2000.com\/index.php\/wp-json\/wp\/v2\/posts\/73473\/revisions\/73475"}],"wp:featuredmedia":[{"embeddable":true,"href":"https:\/\/www.siracusa2000.com\/index.php\/wp-json\/wp\/v2\/media\/73474"}],"wp:attachment":[{"href":"https:\/\/www.siracusa2000.com\/index.php\/wp-json\/wp\/v2\/media?parent=73473"}],"wp:term":[{"taxonomy":"category","embeddable":true,"href":"https:\/\/www.siracusa2000.com\/index.php\/wp-json\/wp\/v2\/categories?post=73473"},{"taxonomy":"post_tag","embeddable":true,"href":"https:\/\/www.siracusa2000.com\/index.php\/wp-json\/wp\/v2\/tags?post=73473"}],"curies":[{"name":"wp","href":"https:\/\/api.w.org\/{rel}","templated":true}]}}