{"id":73536,"date":"2022-10-07T21:48:59","date_gmt":"2022-10-07T19:48:59","guid":{"rendered":"https:\/\/www.siracusa2000.com\/?p=73536"},"modified":"2022-10-07T21:49:02","modified_gmt":"2022-10-07T19:49:02","slug":"cinema-al-via-la-rassegna-itinerante-che-celebra-giovanni-verga-nel-centenario-della-morte-2","status":"publish","type":"post","link":"https:\/\/www.siracusa2000.com\/index.php\/2022\/10\/07\/cinema-al-via-la-rassegna-itinerante-che-celebra-giovanni-verga-nel-centenario-della-morte-2\/","title":{"rendered":"Cinema. Al via la rassegna itinerante che celebra Giovanni Verga nel centenario della morte"},"content":{"rendered":"\n<p>Con la proiezione de \u201c<strong>La terra trema<\/strong>\u201d, di&nbsp;<strong>Luchino Visconti<\/strong>, a&nbsp;<strong>Villa Fortuna<\/strong>&nbsp;di&nbsp;<strong>Acitrezza<\/strong>, si \u00e8 inaugurata questa sera, la rassegna cinematografica che celebra&nbsp;<strong>Giovanni Verga<\/strong>, nel centenario della morte.<\/p>\n\n\n\n<p>Domani, sempre a&nbsp;<strong>Villa Fortuna, a<\/strong>lle ore 18, sar\u00e0 in proiezione \u201c<strong>Cavalleria Rusticana\u201d<\/strong>&nbsp;di&nbsp;<strong>Carmine Gallone<\/strong>, con&nbsp;<strong>Ettore Manni<\/strong>&nbsp;nei panni di compare Turiddu e&nbsp;<strong>Anthony Quinn<\/strong>&nbsp;in quelli di compare Alfio.<\/p>\n\n\n\n<figure class=\"wp-block-image size-full\"><img decoding=\"async\" src=\"https:\/\/www.siracusa2000.com\/wp-content\/uploads\/2022\/10\/verga.png\" alt=\"\" class=\"wp-image-73510\"\/><\/figure>\n\n\n\n<p><strong>\u201cLa Lupa\u201d,<\/strong>&nbsp;per la regia di&nbsp;<strong>Alberto Lattuada<\/strong>, ambientata, per\u00f2, in&nbsp;<strong>Basilicata<\/strong>, sar\u00e0 la protagonista delle giornate di domenica 9 e mercoled\u00ec 12 ottobre. La pellicola andr\u00e0, infatti, in doppia proiezione: domenica 9, alle ore 18 ad&nbsp;<strong>Acitrezza<\/strong>, sempre a&nbsp;<strong>Villa Fortuna<\/strong>, e mercoled\u00ec alle 18, al&nbsp;<strong>Palazzo della Cultura<\/strong>&nbsp;di&nbsp;<strong>Catania.<\/strong><\/p>\n\n\n\n<p>La rassegna toccher\u00e0 anche&nbsp;<strong>Vizzini&nbsp;<\/strong>dove, mercoled\u00ec mattina, alle 10.30, nell\u2019auditorium dell\u2019<strong>Istituto \u201cVerga\u201d,&nbsp;<\/strong>sar\u00e0 proiettato<strong>&nbsp;\u201cRosso malpelo\u201d,&nbsp;<\/strong>del regista<strong>&nbsp;Pasquale Scimeca,&nbsp;<\/strong>film girato nel<strong>&nbsp;Parco Minerario di Floristella \u2013 Grottalda,&nbsp;<\/strong>ad<strong>&nbsp;Enna.<\/strong><\/p>\n\n\n\n<p>La pellicola sar\u00e0, poi, oggetto di una seconda proiezione il 14 ottobre, ma a&nbsp;<strong>Catania<\/strong>, presso il&nbsp;<strong>Palazzo della Cultura.<\/strong><\/p>\n\n\n\n<p>Anche \u201c<strong>Bronte: cronache di un massacro che i libri di storia non hanno raccontato<\/strong>\u201d, di&nbsp;<strong>Florestano Vancini<\/strong>, avr\u00e0 due proiezioni: il 13 ottobre, alle ore 18, al&nbsp;<strong>Palazzo della Cultura<\/strong>&nbsp;di&nbsp;<strong>Catania<\/strong>&nbsp;ed il 22 ottobre, alle ore 18, nell\u2019Aula Consiliare del&nbsp;<strong>Comune di Vizzini.<\/strong><\/p>\n\n\n\n<p>La rassegna itinerante dedicata a&nbsp;<strong>Giovanni Verga,&nbsp;<\/strong>&nbsp;a cento anni dalla morte, si concluder\u00e0 a&nbsp;<strong>Vizzini,<\/strong>&nbsp;il 15 ottobre con \u201c<strong>Storia di un Capinera\u201d,<\/strong>&nbsp;per la regia di&nbsp;<strong>Franco Zeffirelli<\/strong>, che sar\u00e0 proiettato nell\u2019Aula Consiliare del Comune.<\/p>\n\n\n\n<p><em>(foto: un\u2019immagine de \u201cLa terra trema\u201d, girato ad Acitrezza)<\/em><\/p>\n\n\n\n<p class=\"has-text-align-right\"><em>\u00a9 Riproduzione riservata<\/em><\/p>\n\n\n\n<figure class=\"wp-block-image size-full\"><img loading=\"lazy\" decoding=\"async\" width=\"853\" height=\"406\" src=\"https:\/\/www.siracusa2000.com\/wp-content\/uploads\/2022\/07\/weekend.jpg\" alt=\"\" class=\"wp-image-70682\" srcset=\"https:\/\/www.siracusa2000.com\/wp-content\/uploads\/2022\/07\/weekend.jpg 853w, https:\/\/www.siracusa2000.com\/wp-content\/uploads\/2022\/07\/weekend-300x143.jpg 300w, https:\/\/www.siracusa2000.com\/wp-content\/uploads\/2022\/07\/weekend-768x366.jpg 768w\" sizes=\"auto, (max-width: 853px) 100vw, 853px\" \/><\/figure>\n","protected":false},"excerpt":{"rendered":"<p>Con la proiezione de \u201cLa terra trema\u201d, di&nbsp;Luchino Visconti, a&nbsp;Villa Fortuna&nbsp;di&nbsp;Acitrezza, si \u00e8 inaugurata questa sera, la rassegna cinematografica che celebra&nbsp;Giovanni Verga, nel centenario della morte. Domani, sempre a&nbsp;Villa Fortuna, alle ore 18, sar\u00e0 in proiezione \u201cCavalleria Rusticana\u201d&nbsp;di&nbsp;Carmine Gallone, con&nbsp;Ettore <a href=\"https:\/\/www.siracusa2000.com\/index.php\/2022\/10\/07\/cinema-al-via-la-rassegna-itinerante-che-celebra-giovanni-verga-nel-centenario-della-morte-2\/\" class=\"read-more\">Leggi Tutto &#8230;<\/a><\/p>\n","protected":false},"author":1,"featured_media":0,"comment_status":"closed","ping_status":"closed","sticky":true,"template":"","format":"standard","meta":{"footnotes":""},"categories":[9],"tags":[],"class_list":["post-73536","post","type-post","status-publish","format-standard","hentry","category-fuori-provincia"],"_links":{"self":[{"href":"https:\/\/www.siracusa2000.com\/index.php\/wp-json\/wp\/v2\/posts\/73536","targetHints":{"allow":["GET"]}}],"collection":[{"href":"https:\/\/www.siracusa2000.com\/index.php\/wp-json\/wp\/v2\/posts"}],"about":[{"href":"https:\/\/www.siracusa2000.com\/index.php\/wp-json\/wp\/v2\/types\/post"}],"author":[{"embeddable":true,"href":"https:\/\/www.siracusa2000.com\/index.php\/wp-json\/wp\/v2\/users\/1"}],"replies":[{"embeddable":true,"href":"https:\/\/www.siracusa2000.com\/index.php\/wp-json\/wp\/v2\/comments?post=73536"}],"version-history":[{"count":1,"href":"https:\/\/www.siracusa2000.com\/index.php\/wp-json\/wp\/v2\/posts\/73536\/revisions"}],"predecessor-version":[{"id":73537,"href":"https:\/\/www.siracusa2000.com\/index.php\/wp-json\/wp\/v2\/posts\/73536\/revisions\/73537"}],"wp:attachment":[{"href":"https:\/\/www.siracusa2000.com\/index.php\/wp-json\/wp\/v2\/media?parent=73536"}],"wp:term":[{"taxonomy":"category","embeddable":true,"href":"https:\/\/www.siracusa2000.com\/index.php\/wp-json\/wp\/v2\/categories?post=73536"},{"taxonomy":"post_tag","embeddable":true,"href":"https:\/\/www.siracusa2000.com\/index.php\/wp-json\/wp\/v2\/tags?post=73536"}],"curies":[{"name":"wp","href":"https:\/\/api.w.org\/{rel}","templated":true}]}}