{"id":73562,"date":"2022-10-09T09:55:00","date_gmt":"2022-10-09T07:55:00","guid":{"rendered":"https:\/\/www.siracusa2000.com\/?p=73562"},"modified":"2022-10-08T20:58:40","modified_gmt":"2022-10-08T18:58:40","slug":"acireale-solenne-celebrazione-eucaristica-per-i-60-anni-di-sacerdozio-di-don-scuderi-e-mons-urso","status":"publish","type":"post","link":"https:\/\/www.siracusa2000.com\/index.php\/2022\/10\/09\/acireale-solenne-celebrazione-eucaristica-per-i-60-anni-di-sacerdozio-di-don-scuderi-e-mons-urso\/","title":{"rendered":"Acireale. Solenne celebrazione eucaristica per i 60 anni di sacerdozio di don Scuderi e Mons. Urso"},"content":{"rendered":"\n<figure class=\"wp-block-image size-full\"><img loading=\"lazy\" decoding=\"async\" width=\"818\" height=\"584\" src=\"https:\/\/www.siracusa2000.com\/wp-content\/uploads\/2022\/10\/acireale-1.png\" alt=\"\" class=\"wp-image-73563\" srcset=\"https:\/\/www.siracusa2000.com\/wp-content\/uploads\/2022\/10\/acireale-1.png 818w, https:\/\/www.siracusa2000.com\/wp-content\/uploads\/2022\/10\/acireale-1-300x214.png 300w, https:\/\/www.siracusa2000.com\/wp-content\/uploads\/2022\/10\/acireale-1-768x548.png 768w\" sizes=\"auto, (max-width: 818px) 100vw, 818px\" \/><\/figure>\n\n\n\n<p>Sar\u00e0 un doppio anniversario quella che sar\u00e0 ricordato domani sera in <strong>Cattedrale<\/strong> ad <strong>Acireale,<\/strong> perch\u00e9 la comunit\u00e0 diocesana si riunir\u00e0 per ringraziare il Signore del dono dei 60 anni di sacerdozio di don<strong> Salvatore Scuderi<\/strong>, parroco emerito della comunit\u00e0 parrocchiale <strong>Immacolata Concezione<\/strong> di Cannizzaro, e di <strong>Mons. Paolo Urso<\/strong>, <strong>vescovo emerito della Diocesi di Ragusa.<\/strong><\/p>\n\n\n\n<p>Originario di <strong>Castiglione di Sicilia,<\/strong> classe 1938, <strong>Salvatore Scuderi<\/strong> \u00e8 ordinato presbitero il 7 ottobre 1962 e cinque anni dopo diventa vicario cooperatore nella <strong>parrocchia di San Giovanni Battista <\/strong>ad <strong>Acitrezza.<\/strong> <\/p>\n\n\n\n<p>Dal 2013 al 2017 ricopre l\u2019incarico di amministratore parrocchiale \u201cStella del Mare\u201d di <strong>Cannizzaro<\/strong>.<\/p>\n\n\n\n<p>E\u2019 nato ad <strong>Acireale,<\/strong> invece, <strong>Paolo Urso<\/strong>, anche lui ordinato sacerdote il 7 ottobre 1962. Laureato in Diritto Civile e Canonico alla <strong>Pontificia Universit\u00e0 Lateranense<\/strong>, il 16 febbraio 2002 viene nominato da <strong>Papa Giovanni Paolo II<\/strong>, pastore della chiesa ragusana e consacrato Vescovo il 12 aprile dello stesso anno dal <strong>Cardinale Salvatore De Giorgi, Arcivescovo di Palermo. <\/strong><\/p>\n\n\n\n<p><strong>Mons. Paolo Urso<\/strong> \u00e8 il quarto vescovo della <strong>Diocesi di Ragusa.<\/strong><\/p>\n\n\n\n<p>A don<strong> Scuderi ed a Mons. Urso <\/strong>vanno gli auguri del<strong> Vicario generale della Diocesi di Acireale, don Agostino Russo, <\/strong>che invita la comunit\u00e0 a partecipare alla solenne celebrazione eucaristica, alle ore 18.30 di domani, in<strong> Cattedrale.<\/strong><\/p>\n\n\n\n<p><strong>(<\/strong><em>foto: da sinistra, Mons. P. Urso e don S. Scuderi)<\/em><\/p>\n\n\n\n<p class=\"has-text-align-right\"><em>\u00a9 Riproduzione riservata<\/em><\/p>\n\n\n\n<figure class=\"wp-block-image size-full\"><img loading=\"lazy\" decoding=\"async\" width=\"1000\" height=\"220\" src=\"https:\/\/www.siracusa2000.com\/wp-content\/uploads\/2022\/10\/bug-messa-ore-18-1.png\" alt=\"\" class=\"wp-image-73329\" srcset=\"https:\/\/www.siracusa2000.com\/wp-content\/uploads\/2022\/10\/bug-messa-ore-18-1.png 1000w, https:\/\/www.siracusa2000.com\/wp-content\/uploads\/2022\/10\/bug-messa-ore-18-1-300x66.png 300w, https:\/\/www.siracusa2000.com\/wp-content\/uploads\/2022\/10\/bug-messa-ore-18-1-768x169.png 768w\" sizes=\"auto, (max-width: 1000px) 100vw, 1000px\" \/><\/figure>\n","protected":false},"excerpt":{"rendered":"<p>Sar\u00e0 un doppio anniversario quella che sar\u00e0 ricordato domani sera in Cattedrale ad Acireale, perch\u00e9 la comunit\u00e0 diocesana si riunir\u00e0 per ringraziare il Signore del dono dei 60 anni di sacerdozio di don Salvatore Scuderi, parroco emerito della comunit\u00e0 parrocchiale <a href=\"https:\/\/www.siracusa2000.com\/index.php\/2022\/10\/09\/acireale-solenne-celebrazione-eucaristica-per-i-60-anni-di-sacerdozio-di-don-scuderi-e-mons-urso\/\" class=\"read-more\">Leggi Tutto &#8230;<\/a><\/p>\n","protected":false},"author":1,"featured_media":73563,"comment_status":"closed","ping_status":"closed","sticky":true,"template":"","format":"standard","meta":{"footnotes":""},"categories":[9],"tags":[],"class_list":["post-73562","post","type-post","status-publish","format-standard","has-post-thumbnail","hentry","category-fuori-provincia"],"_links":{"self":[{"href":"https:\/\/www.siracusa2000.com\/index.php\/wp-json\/wp\/v2\/posts\/73562","targetHints":{"allow":["GET"]}}],"collection":[{"href":"https:\/\/www.siracusa2000.com\/index.php\/wp-json\/wp\/v2\/posts"}],"about":[{"href":"https:\/\/www.siracusa2000.com\/index.php\/wp-json\/wp\/v2\/types\/post"}],"author":[{"embeddable":true,"href":"https:\/\/www.siracusa2000.com\/index.php\/wp-json\/wp\/v2\/users\/1"}],"replies":[{"embeddable":true,"href":"https:\/\/www.siracusa2000.com\/index.php\/wp-json\/wp\/v2\/comments?post=73562"}],"version-history":[{"count":1,"href":"https:\/\/www.siracusa2000.com\/index.php\/wp-json\/wp\/v2\/posts\/73562\/revisions"}],"predecessor-version":[{"id":73564,"href":"https:\/\/www.siracusa2000.com\/index.php\/wp-json\/wp\/v2\/posts\/73562\/revisions\/73564"}],"wp:featuredmedia":[{"embeddable":true,"href":"https:\/\/www.siracusa2000.com\/index.php\/wp-json\/wp\/v2\/media\/73563"}],"wp:attachment":[{"href":"https:\/\/www.siracusa2000.com\/index.php\/wp-json\/wp\/v2\/media?parent=73562"}],"wp:term":[{"taxonomy":"category","embeddable":true,"href":"https:\/\/www.siracusa2000.com\/index.php\/wp-json\/wp\/v2\/categories?post=73562"},{"taxonomy":"post_tag","embeddable":true,"href":"https:\/\/www.siracusa2000.com\/index.php\/wp-json\/wp\/v2\/tags?post=73562"}],"curies":[{"name":"wp","href":"https:\/\/api.w.org\/{rel}","templated":true}]}}