{"id":73989,"date":"2022-10-21T10:20:00","date_gmt":"2022-10-21T08:20:00","guid":{"rendered":"https:\/\/www.siracusa2000.com\/?p=73989"},"modified":"2022-10-20T23:21:54","modified_gmt":"2022-10-20T21:21:54","slug":"festa-di-santa-lucia-stabilita-la-data-per-lelezione-dei-campanellai-di-dicembre-e-maggio","status":"publish","type":"post","link":"https:\/\/www.siracusa2000.com\/index.php\/2022\/10\/21\/festa-di-santa-lucia-stabilita-la-data-per-lelezione-dei-campanellai-di-dicembre-e-maggio\/","title":{"rendered":"Festa di Santa Lucia. Stabilita la data per l\u2019elezione dei campanellai di dicembre e maggio"},"content":{"rendered":"\n<figure class=\"wp-block-image size-full\"><img loading=\"lazy\" decoding=\"async\" width=\"1025\" height=\"523\" src=\"https:\/\/www.siracusa2000.com\/wp-content\/uploads\/2022\/10\/campanellaio.png\" alt=\"\" class=\"wp-image-73990\" srcset=\"https:\/\/www.siracusa2000.com\/wp-content\/uploads\/2022\/10\/campanellaio.png 1025w, https:\/\/www.siracusa2000.com\/wp-content\/uploads\/2022\/10\/campanellaio-300x153.png 300w, https:\/\/www.siracusa2000.com\/wp-content\/uploads\/2022\/10\/campanellaio-768x392.png 768w\" sizes=\"auto, (max-width: 1025px) 100vw, 1025px\" \/><\/figure>\n\n\n\n<p>L<strong>\u2019associazione \u201cSanta Lucia fra i falegnami\u201d di Siracusa<\/strong> ha fissato la data per l\u2019elezione dei campanellai delle processioni delle <strong>feste di Santa Lucia<\/strong> di dicembre e di maggio.<\/p>\n\n\n\n<p>Ai sensi dell\u2019art. 4 dello Statuto sociale, infatti, spetta ai falegnami, mediante votazione, la facolt\u00e0 di esprimere al loro interno colui che guider\u00e0 le processioni.<\/p>\n\n\n\n<p>Il campanellaio \u00e8 una figura di fondamentale importanza e responsabilit\u00e0 nella festa, perch\u00e9 \u00e8 lui a decidere il ritmo delle processioni, le pause per i portatori ed i tempi di percorrenza.<\/p>\n\n\n\n<p>Sotto la presidenza di <strong>Paolo Puglisi<\/strong>, dunque, l\u2019<strong>associazione \u201cSanta Lucia fra i falegnami\u201d <\/strong>riunir\u00e0 i propri iscritti domenica 13 novembre, alle ore 18.30, presso la <strong>Basilica di Santa Lucia al Sepolcro, in Borgata e, <\/strong>in quella sede, si svolger\u00e0 l\u2019elezione.<\/p>\n\n\n\n<p><em>(foto: archivio siracusa2000)<\/em><\/p>\n\n\n\n<p class=\"has-text-align-right\"><em>\u00a9 Riproduzione riservata<\/em><\/p>\n\n\n\n<figure class=\"wp-block-image size-full\"><img loading=\"lazy\" decoding=\"async\" width=\"1000\" height=\"220\" src=\"https:\/\/www.siracusa2000.com\/wp-content\/uploads\/2022\/10\/bug-messa-ore-18-1.png\" alt=\"\" class=\"wp-image-73329\" srcset=\"https:\/\/www.siracusa2000.com\/wp-content\/uploads\/2022\/10\/bug-messa-ore-18-1.png 1000w, https:\/\/www.siracusa2000.com\/wp-content\/uploads\/2022\/10\/bug-messa-ore-18-1-300x66.png 300w, https:\/\/www.siracusa2000.com\/wp-content\/uploads\/2022\/10\/bug-messa-ore-18-1-768x169.png 768w\" sizes=\"auto, (max-width: 1000px) 100vw, 1000px\" \/><\/figure>\n","protected":false},"excerpt":{"rendered":"<p>L\u2019associazione \u201cSanta Lucia fra i falegnami\u201d di Siracusa ha fissato la data per l\u2019elezione dei campanellai delle processioni delle feste di Santa Lucia di dicembre e di maggio. Ai sensi dell\u2019art. 4 dello Statuto sociale, infatti, spetta ai falegnami, mediante <a href=\"https:\/\/www.siracusa2000.com\/index.php\/2022\/10\/21\/festa-di-santa-lucia-stabilita-la-data-per-lelezione-dei-campanellai-di-dicembre-e-maggio\/\" class=\"read-more\">Leggi Tutto &#8230;<\/a><\/p>\n","protected":false},"author":1,"featured_media":73990,"comment_status":"closed","ping_status":"closed","sticky":false,"template":"","format":"standard","meta":{"footnotes":""},"categories":[7],"tags":[],"class_list":["post-73989","post","type-post","status-publish","format-standard","has-post-thumbnail","hentry","category-citta"],"_links":{"self":[{"href":"https:\/\/www.siracusa2000.com\/index.php\/wp-json\/wp\/v2\/posts\/73989","targetHints":{"allow":["GET"]}}],"collection":[{"href":"https:\/\/www.siracusa2000.com\/index.php\/wp-json\/wp\/v2\/posts"}],"about":[{"href":"https:\/\/www.siracusa2000.com\/index.php\/wp-json\/wp\/v2\/types\/post"}],"author":[{"embeddable":true,"href":"https:\/\/www.siracusa2000.com\/index.php\/wp-json\/wp\/v2\/users\/1"}],"replies":[{"embeddable":true,"href":"https:\/\/www.siracusa2000.com\/index.php\/wp-json\/wp\/v2\/comments?post=73989"}],"version-history":[{"count":2,"href":"https:\/\/www.siracusa2000.com\/index.php\/wp-json\/wp\/v2\/posts\/73989\/revisions"}],"predecessor-version":[{"id":73992,"href":"https:\/\/www.siracusa2000.com\/index.php\/wp-json\/wp\/v2\/posts\/73989\/revisions\/73992"}],"wp:featuredmedia":[{"embeddable":true,"href":"https:\/\/www.siracusa2000.com\/index.php\/wp-json\/wp\/v2\/media\/73990"}],"wp:attachment":[{"href":"https:\/\/www.siracusa2000.com\/index.php\/wp-json\/wp\/v2\/media?parent=73989"}],"wp:term":[{"taxonomy":"category","embeddable":true,"href":"https:\/\/www.siracusa2000.com\/index.php\/wp-json\/wp\/v2\/categories?post=73989"},{"taxonomy":"post_tag","embeddable":true,"href":"https:\/\/www.siracusa2000.com\/index.php\/wp-json\/wp\/v2\/tags?post=73989"}],"curies":[{"name":"wp","href":"https:\/\/api.w.org\/{rel}","templated":true}]}}