{"id":74136,"date":"2022-10-25T09:34:00","date_gmt":"2022-10-25T07:34:00","guid":{"rendered":"https:\/\/www.siracusa2000.com\/?p=74136"},"modified":"2022-10-25T10:23:55","modified_gmt":"2022-10-25T08:23:55","slug":"siracusa-idea-incontra-i-giovani-credono-nella-buona-politica-e-scommettono-sul-territorio","status":"publish","type":"post","link":"https:\/\/www.siracusa2000.com\/index.php\/2022\/10\/25\/siracusa-idea-incontra-i-giovani-credono-nella-buona-politica-e-scommettono-sul-territorio\/","title":{"rendered":"Siracusa. \u201cIdea Incontra\u201d, i giovani credono nella buona politica e scommettono sul territorio"},"content":{"rendered":"\n<p>Ritrovare il senso di appartenenza alla comunit\u00e0, scommettere sul territorio e riaffezionarsi alla cosa &nbsp;pubblica. Questi alcuni dei temi attorno ai quali si sono ritrovati amici e simpatizzanti del <strong>movimento politico \u201cIdea\u201d,<\/strong> che si sono riuniti all\u2019<strong>Urban Center<\/strong> di<strong> via Bixio<\/strong>. <\/p>\n\n\n\n<p>Durante l\u2019incontro si \u00e8 parlato anche di <strong>Democrazia Partecipata<\/strong> e <strong>cittadinanza attiva<\/strong>, ponendo l\u2019attenzione sulle problematiche di estrema attualit\u00e0,che toccano da vicino la nostra comunit\u00e0.<\/p>\n\n\n\n<figure class=\"wp-block-image size-full\"><img loading=\"lazy\" decoding=\"async\" width=\"1007\" height=\"580\" src=\"https:\/\/www.siracusa2000.com\/wp-content\/uploads\/2022\/10\/idea1.png\" alt=\"\" class=\"wp-image-74137\" srcset=\"https:\/\/www.siracusa2000.com\/wp-content\/uploads\/2022\/10\/idea1.png 1007w, https:\/\/www.siracusa2000.com\/wp-content\/uploads\/2022\/10\/idea1-300x173.png 300w, https:\/\/www.siracusa2000.com\/wp-content\/uploads\/2022\/10\/idea1-768x442.png 768w\" sizes=\"auto, (max-width: 1007px) 100vw, 1007px\" \/><\/figure>\n\n\n\n<p>\u201cStiamo assistendo a un progressivo allontanamento dei cittadini dalla cosa pubblica\u201d \u2013 spiega il portavoce <strong>Pasquale Saetta<\/strong> \u2013 \u201cun trend negativo allarmante che vede accentuarsi ad ogni tornata elettorale\u201d. <\/p>\n\n\n\n<p>L\u2019assemblea non poteva non toccare l\u2019argomento caro energia, che sta mettendo in ginocchio il mondo imprenditoriale e l\u2019economia in generale. Entrando, nello specifico, si \u00e8 parlato dell\u2019edilizia, dove si registrano difficolt\u00e0 dovute alla pessima gestione del <strong>Bonus 110%.<\/strong> <\/p>\n\n\n\n<p>\u201cPer Idea\u201d \u2013 &nbsp;sostiene <strong>Saetta<\/strong> \u2013 \u201c\u00e8 importantissimo dialogare con enti intermediari, sindacati e realt\u00e0 lavorative affinch\u00e9 gli imprenditori si sentano guidati e tutelati\u201d. <\/p>\n\n\n\n<p>Maggiore attenzione, infine, per il mondo giovanile. \u201c<strong>Siracusa<\/strong>\u201d \u2013 sottolinea il portavoce di <strong>Idea <\/strong>\u2013 \u201c\u00e8 al primo posto in termini di disoccupazione giovanile. Bisogna invertire questo dato\u201d. <\/p>\n\n\n\n<p>E\u2019 necessario, insomma, ridisegnare <strong>Siracusa<\/strong>, offrendo opportunit\u00e0 concrete alle giovani generazioni, in modo da incentivarli a non emigrare. \u201cUna citt\u00e0 senza giovani\u201d \u2013 chiosa <strong>Pasquale Saetta<\/strong> \u2013 \u201c\u00e8 condannata alla regressione&#8221;.<\/p>\n\n\n\n<p>All\u2019incontro dell\u2019<strong>Urban Center <\/strong>erano presti il <strong>deputato regionale Tiziano Spada<\/strong> ed il <strong>sindaco di Floridia Marco Carianni.<\/strong><\/p>\n\n\n\n<p><em>(foto: l\u2019incontro all\u2019Urban Center)<\/em><\/p>\n\n\n\n<p class=\"has-text-align-right\"><em>\u00a9 Riproduzione riservata<\/em><\/p>\n\n\n\n<div class=\"wp-block-image\"><figure class=\"aligncenter size-full\"><img loading=\"lazy\" decoding=\"async\" width=\"539\" height=\"393\" src=\"https:\/\/www.siracusa2000.com\/wp-content\/uploads\/2020\/09\/progresso.jpg\" alt=\"\" class=\"wp-image-46913\" srcset=\"https:\/\/www.siracusa2000.com\/wp-content\/uploads\/2020\/09\/progresso.jpg 539w, https:\/\/www.siracusa2000.com\/wp-content\/uploads\/2020\/09\/progresso-300x219.jpg 300w\" sizes=\"auto, (max-width: 539px) 100vw, 539px\" \/><\/figure><\/div>\n","protected":false},"excerpt":{"rendered":"<p>Ritrovare il senso di appartenenza alla comunit\u00e0, scommettere sul territorio e riaffezionarsi alla cosa &nbsp;pubblica. Questi alcuni dei temi attorno ai quali si sono ritrovati amici e simpatizzanti del movimento politico \u201cIdea\u201d, che si sono riuniti all\u2019Urban Center di via <a href=\"https:\/\/www.siracusa2000.com\/index.php\/2022\/10\/25\/siracusa-idea-incontra-i-giovani-credono-nella-buona-politica-e-scommettono-sul-territorio\/\" class=\"read-more\">Leggi Tutto &#8230;<\/a><\/p>\n","protected":false},"author":1,"featured_media":74137,"comment_status":"closed","ping_status":"closed","sticky":true,"template":"","format":"standard","meta":{"footnotes":""},"categories":[7],"tags":[],"class_list":["post-74136","post","type-post","status-publish","format-standard","has-post-thumbnail","hentry","category-citta"],"_links":{"self":[{"href":"https:\/\/www.siracusa2000.com\/index.php\/wp-json\/wp\/v2\/posts\/74136","targetHints":{"allow":["GET"]}}],"collection":[{"href":"https:\/\/www.siracusa2000.com\/index.php\/wp-json\/wp\/v2\/posts"}],"about":[{"href":"https:\/\/www.siracusa2000.com\/index.php\/wp-json\/wp\/v2\/types\/post"}],"author":[{"embeddable":true,"href":"https:\/\/www.siracusa2000.com\/index.php\/wp-json\/wp\/v2\/users\/1"}],"replies":[{"embeddable":true,"href":"https:\/\/www.siracusa2000.com\/index.php\/wp-json\/wp\/v2\/comments?post=74136"}],"version-history":[{"count":2,"href":"https:\/\/www.siracusa2000.com\/index.php\/wp-json\/wp\/v2\/posts\/74136\/revisions"}],"predecessor-version":[{"id":74152,"href":"https:\/\/www.siracusa2000.com\/index.php\/wp-json\/wp\/v2\/posts\/74136\/revisions\/74152"}],"wp:featuredmedia":[{"embeddable":true,"href":"https:\/\/www.siracusa2000.com\/index.php\/wp-json\/wp\/v2\/media\/74137"}],"wp:attachment":[{"href":"https:\/\/www.siracusa2000.com\/index.php\/wp-json\/wp\/v2\/media?parent=74136"}],"wp:term":[{"taxonomy":"category","embeddable":true,"href":"https:\/\/www.siracusa2000.com\/index.php\/wp-json\/wp\/v2\/categories?post=74136"},{"taxonomy":"post_tag","embeddable":true,"href":"https:\/\/www.siracusa2000.com\/index.php\/wp-json\/wp\/v2\/tags?post=74136"}],"curies":[{"name":"wp","href":"https:\/\/api.w.org\/{rel}","templated":true}]}}