{"id":74176,"date":"2022-10-26T07:02:00","date_gmt":"2022-10-26T05:02:00","guid":{"rendered":"https:\/\/www.siracusa2000.com\/?p=74176"},"modified":"2022-10-25T18:38:02","modified_gmt":"2022-10-25T16:38:02","slug":"ragusa-al-vescovado-si-presenta-il-report-sullagire-della-carita-durante-la-pandemia","status":"publish","type":"post","link":"https:\/\/www.siracusa2000.com\/index.php\/2022\/10\/26\/ragusa-al-vescovado-si-presenta-il-report-sullagire-della-carita-durante-la-pandemia\/","title":{"rendered":"Ragusa. Al Vescovado si presenta il report sull&#8217;agire della carit\u00e0 durante la pandemia"},"content":{"rendered":"\n<figure class=\"wp-block-image size-full\"><img loading=\"lazy\" decoding=\"async\" width=\"996\" height=\"585\" src=\"https:\/\/www.siracusa2000.com\/wp-content\/uploads\/2022\/10\/rg-4.png\" alt=\"\" class=\"wp-image-74177\" srcset=\"https:\/\/www.siracusa2000.com\/wp-content\/uploads\/2022\/10\/rg-4.png 996w, https:\/\/www.siracusa2000.com\/wp-content\/uploads\/2022\/10\/rg-4-300x176.png 300w, https:\/\/www.siracusa2000.com\/wp-content\/uploads\/2022\/10\/rg-4-768x451.png 768w\" sizes=\"auto, (max-width: 996px) 100vw, 996px\" \/><\/figure>\n\n\n\n<p>Sar\u00e0 presente il <strong>Vescovo, Mons. Giuseppe La Placa<\/strong>, questa mattina, all\u2019incontro con i giornalisti per la presentazione del report \u201cL\u2019agire della carit\u00e0 durante il periodo Covid 19 nella <strong>Diocesi di Ragusa\u201d.<\/strong><\/p>\n\n\n\n<p>La conferenza stampa, che vedr\u00e0 anche la presenza delle autorit\u00e0 cittadine, dei volontari e degli operatori, si svolger\u00e0 alle ore 10, nel<strong> saloncino del Vescovado, <\/strong>in <strong>via Roma 109.<\/strong><\/p>\n\n\n\n<p>Lo studio della <strong>Caritas Diocesana<\/strong> offre un primo importante strumento di lettura dei quel periodo difficilissimo, analizzando gli effetti della pandemia sulla societ\u00e0 e sull\u2019economia.<\/p>\n\n\n\n<p><em>(foto: il Vescovo di Ragusa, Mons. G. La Placa)<\/em><\/p>\n\n\n\n<p class=\"has-text-align-right\"><em>\u00a9 Riproduzione riservata<\/em><\/p>\n\n\n\n<figure class=\"wp-block-image size-full\"><img loading=\"lazy\" decoding=\"async\" width=\"1000\" height=\"220\" src=\"https:\/\/www.siracusa2000.com\/wp-content\/uploads\/2022\/10\/bug-messa-ore-18-1.png\" alt=\"\" class=\"wp-image-73329\" srcset=\"https:\/\/www.siracusa2000.com\/wp-content\/uploads\/2022\/10\/bug-messa-ore-18-1.png 1000w, https:\/\/www.siracusa2000.com\/wp-content\/uploads\/2022\/10\/bug-messa-ore-18-1-300x66.png 300w, https:\/\/www.siracusa2000.com\/wp-content\/uploads\/2022\/10\/bug-messa-ore-18-1-768x169.png 768w\" sizes=\"auto, (max-width: 1000px) 100vw, 1000px\" \/><\/figure>\n","protected":false},"excerpt":{"rendered":"<p>Sar\u00e0 presente il Vescovo, Mons. Giuseppe La Placa, questa mattina, all\u2019incontro con i giornalisti per la presentazione del report \u201cL\u2019agire della carit\u00e0 durante il periodo Covid 19 nella Diocesi di Ragusa\u201d. La conferenza stampa, che vedr\u00e0 anche la presenza delle <a href=\"https:\/\/www.siracusa2000.com\/index.php\/2022\/10\/26\/ragusa-al-vescovado-si-presenta-il-report-sullagire-della-carita-durante-la-pandemia\/\" class=\"read-more\">Leggi Tutto &#8230;<\/a><\/p>\n","protected":false},"author":1,"featured_media":74177,"comment_status":"closed","ping_status":"closed","sticky":true,"template":"","format":"standard","meta":{"footnotes":""},"categories":[9],"tags":[],"class_list":["post-74176","post","type-post","status-publish","format-standard","has-post-thumbnail","hentry","category-fuori-provincia"],"_links":{"self":[{"href":"https:\/\/www.siracusa2000.com\/index.php\/wp-json\/wp\/v2\/posts\/74176","targetHints":{"allow":["GET"]}}],"collection":[{"href":"https:\/\/www.siracusa2000.com\/index.php\/wp-json\/wp\/v2\/posts"}],"about":[{"href":"https:\/\/www.siracusa2000.com\/index.php\/wp-json\/wp\/v2\/types\/post"}],"author":[{"embeddable":true,"href":"https:\/\/www.siracusa2000.com\/index.php\/wp-json\/wp\/v2\/users\/1"}],"replies":[{"embeddable":true,"href":"https:\/\/www.siracusa2000.com\/index.php\/wp-json\/wp\/v2\/comments?post=74176"}],"version-history":[{"count":1,"href":"https:\/\/www.siracusa2000.com\/index.php\/wp-json\/wp\/v2\/posts\/74176\/revisions"}],"predecessor-version":[{"id":74178,"href":"https:\/\/www.siracusa2000.com\/index.php\/wp-json\/wp\/v2\/posts\/74176\/revisions\/74178"}],"wp:featuredmedia":[{"embeddable":true,"href":"https:\/\/www.siracusa2000.com\/index.php\/wp-json\/wp\/v2\/media\/74177"}],"wp:attachment":[{"href":"https:\/\/www.siracusa2000.com\/index.php\/wp-json\/wp\/v2\/media?parent=74176"}],"wp:term":[{"taxonomy":"category","embeddable":true,"href":"https:\/\/www.siracusa2000.com\/index.php\/wp-json\/wp\/v2\/categories?post=74176"},{"taxonomy":"post_tag","embeddable":true,"href":"https:\/\/www.siracusa2000.com\/index.php\/wp-json\/wp\/v2\/tags?post=74176"}],"curies":[{"name":"wp","href":"https:\/\/api.w.org\/{rel}","templated":true}]}}