{"id":74179,"date":"2022-10-25T21:31:00","date_gmt":"2022-10-25T19:31:00","guid":{"rendered":"https:\/\/www.siracusa2000.com\/?p=74179"},"modified":"2022-10-25T20:01:00","modified_gmt":"2022-10-25T18:01:00","slug":"siracusa-per-la-prima-volta-una-donna-al-comando-del-corpo-della-polizia-municipale","status":"publish","type":"post","link":"https:\/\/www.siracusa2000.com\/index.php\/2022\/10\/25\/siracusa-per-la-prima-volta-una-donna-al-comando-del-corpo-della-polizia-municipale\/","title":{"rendered":"Siracusa. Per la prima volta una donna al Comando del Corpo della Polizia Municipale"},"content":{"rendered":"\n<figure class=\"wp-block-image size-full\"><img loading=\"lazy\" decoding=\"async\" width=\"1021\" height=\"607\" src=\"https:\/\/www.siracusa2000.com\/wp-content\/uploads\/2022\/10\/sr-11.png\" alt=\"\" class=\"wp-image-74180\" srcset=\"https:\/\/www.siracusa2000.com\/wp-content\/uploads\/2022\/10\/sr-11.png 1021w, https:\/\/www.siracusa2000.com\/wp-content\/uploads\/2022\/10\/sr-11-300x178.png 300w, https:\/\/www.siracusa2000.com\/wp-content\/uploads\/2022\/10\/sr-11-768x457.png 768w\" sizes=\"auto, (max-width: 1021px) 100vw, 1021px\" \/><\/figure>\n\n\n\n<p>Originaria di <strong>Salerno<\/strong>, laureata in Giurisprudenza, avvocato cassazionista, la <strong>dott.ssa Delfina Voria<\/strong>, \u00e8 il nuovo <strong>Comandante del Corpo della Polizia Municipale di Siracusa<\/strong>. La presentazione ufficiale alla citt\u00e0 si \u00e8 tenuta questa mattina, all\u2019<strong>Urban Center <\/strong>di <strong>via Bixio.<\/strong><\/p>\n\n\n\n<p>Consapevole delle criticit\u00e0, soprattutto quelle che riguardano la carenza di personale e l\u2019et\u00e0 media che \u00e8 alta, il nuovo Comandante ha detto \u201cche c\u2019\u00e8 la volont\u00e0 di dare fiducia al personale e far sentire loro la vicinanza non solo sua ma di tutta l\u2019Amministrazione\u201d.<\/p>\n\n\n\n<p>\u201cIo cerco di essere pi\u00f9 che posso accanto agli agenti e, in questi pochi giorni dal mio arrivo\u201d \u2013 ha aggiunto \u2013 \u201c sono sempre andata sul posto durante gli interventi importanti. Un conto \u00e8 farsi raccontare le esperienze, un altro \u00e8 viverle con loro e capire insieme per migliorarsi\u201d.<\/p>\n\n\n\n<p><em>(foto: il sindaco F. Italia con la dott.ssa D. Voria)<\/em><\/p>\n\n\n\n<p class=\"has-text-align-right\"><em>\u00a9 Riproduzione riservata<\/em><\/p>\n\n\n\n<figure class=\"wp-block-image size-full\"><img loading=\"lazy\" decoding=\"async\" width=\"539\" height=\"393\" src=\"https:\/\/www.siracusa2000.com\/wp-content\/uploads\/2020\/09\/progresso.jpg\" alt=\"\" class=\"wp-image-46913\" srcset=\"https:\/\/www.siracusa2000.com\/wp-content\/uploads\/2020\/09\/progresso.jpg 539w, https:\/\/www.siracusa2000.com\/wp-content\/uploads\/2020\/09\/progresso-300x219.jpg 300w\" sizes=\"auto, (max-width: 539px) 100vw, 539px\" \/><\/figure>\n","protected":false},"excerpt":{"rendered":"<p>Originaria di Salerno, laureata in Giurisprudenza, avvocato cassazionista, la dott.ssa Delfina Voria, \u00e8 il nuovo Comandante del Corpo della Polizia Municipale di Siracusa. La presentazione ufficiale alla citt\u00e0 si \u00e8 tenuta questa mattina, all\u2019Urban Center di via Bixio. Consapevole delle <a href=\"https:\/\/www.siracusa2000.com\/index.php\/2022\/10\/25\/siracusa-per-la-prima-volta-una-donna-al-comando-del-corpo-della-polizia-municipale\/\" class=\"read-more\">Leggi Tutto &#8230;<\/a><\/p>\n","protected":false},"author":1,"featured_media":74180,"comment_status":"closed","ping_status":"closed","sticky":true,"template":"","format":"standard","meta":{"footnotes":""},"categories":[7],"tags":[],"class_list":["post-74179","post","type-post","status-publish","format-standard","has-post-thumbnail","hentry","category-citta"],"_links":{"self":[{"href":"https:\/\/www.siracusa2000.com\/index.php\/wp-json\/wp\/v2\/posts\/74179","targetHints":{"allow":["GET"]}}],"collection":[{"href":"https:\/\/www.siracusa2000.com\/index.php\/wp-json\/wp\/v2\/posts"}],"about":[{"href":"https:\/\/www.siracusa2000.com\/index.php\/wp-json\/wp\/v2\/types\/post"}],"author":[{"embeddable":true,"href":"https:\/\/www.siracusa2000.com\/index.php\/wp-json\/wp\/v2\/users\/1"}],"replies":[{"embeddable":true,"href":"https:\/\/www.siracusa2000.com\/index.php\/wp-json\/wp\/v2\/comments?post=74179"}],"version-history":[{"count":1,"href":"https:\/\/www.siracusa2000.com\/index.php\/wp-json\/wp\/v2\/posts\/74179\/revisions"}],"predecessor-version":[{"id":74181,"href":"https:\/\/www.siracusa2000.com\/index.php\/wp-json\/wp\/v2\/posts\/74179\/revisions\/74181"}],"wp:featuredmedia":[{"embeddable":true,"href":"https:\/\/www.siracusa2000.com\/index.php\/wp-json\/wp\/v2\/media\/74180"}],"wp:attachment":[{"href":"https:\/\/www.siracusa2000.com\/index.php\/wp-json\/wp\/v2\/media?parent=74179"}],"wp:term":[{"taxonomy":"category","embeddable":true,"href":"https:\/\/www.siracusa2000.com\/index.php\/wp-json\/wp\/v2\/categories?post=74179"},{"taxonomy":"post_tag","embeddable":true,"href":"https:\/\/www.siracusa2000.com\/index.php\/wp-json\/wp\/v2\/tags?post=74179"}],"curies":[{"name":"wp","href":"https:\/\/api.w.org\/{rel}","templated":true}]}}