{"id":74196,"date":"2022-10-26T14:52:00","date_gmt":"2022-10-26T12:52:00","guid":{"rendered":"https:\/\/www.siracusa2000.com\/?p=74196"},"modified":"2022-10-26T10:59:46","modified_gmt":"2022-10-26T08:59:46","slug":"melilli-universita-partito-il-corso-di-laurea-triennale-in-infermieristica-per-150-studenti","status":"publish","type":"post","link":"https:\/\/www.siracusa2000.com\/index.php\/2022\/10\/26\/melilli-universita-partito-il-corso-di-laurea-triennale-in-infermieristica-per-150-studenti\/","title":{"rendered":"Melilli. Universit\u00e0, partito il \u201cCorso di Laurea Triennale in Infermieristica\u201d per 150 studenti"},"content":{"rendered":"\n<figure class=\"wp-block-image size-full\"><img loading=\"lazy\" decoding=\"async\" width=\"883\" height=\"454\" src=\"https:\/\/www.siracusa2000.com\/wp-content\/uploads\/2022\/10\/screenshot-2.png\" alt=\"\" class=\"wp-image-74197\" srcset=\"https:\/\/www.siracusa2000.com\/wp-content\/uploads\/2022\/10\/screenshot-2.png 883w, https:\/\/www.siracusa2000.com\/wp-content\/uploads\/2022\/10\/screenshot-2-300x154.png 300w, https:\/\/www.siracusa2000.com\/wp-content\/uploads\/2022\/10\/screenshot-2-768x395.png 768w\" sizes=\"auto, (max-width: 883px) 100vw, 883px\" \/><\/figure>\n\n\n\n<p>Sono 150 gli studenti, provenienti da tutta la <strong>Sicilia,<\/strong> che hanno superato la selezione tra gli oltre 2000 candidati, e che, da ieri, stanno frequentando il <strong>Corso di Laurea Triennale in Infermieristica<\/strong> a <strong>Melilli.<\/strong><\/p>\n\n\n\n<p>Gli studenti sono stati accolti dal <strong>sindaco, Giuseppe Carta,<\/strong> e dall\u2019<strong>assessore comunale<\/strong> <strong>all&#8217;Istruzione, Roberta Distefano, <\/strong>nella nuova &#8220;Aula Magna&#8221; del <strong>Consorzio Universitario di Siracusa,<\/strong> in <strong>via Iblea 5.<\/strong><\/p>\n\n\n\n<p>Per agevolare gli studenti che si trasferiranno in citt\u00e0 per seguire le lezioni, dal 7 novembre sar\u00f2 attivo un bus navetta che collegher\u00e0 la sede centrale con quella distaccata per gli alunni del secondo anno, in <strong>via parroco Fiorilla.<\/strong><\/p>\n\n\n\n<p><em>(foto: immagine fornita dal Comune di Melilli)<\/em><\/p>\n\n\n\n<p class=\"has-text-align-right\"><em>\u00a9 Riproduzione riservata<\/em><\/p>\n\n\n\n<figure class=\"wp-block-image size-full\"><img loading=\"lazy\" decoding=\"async\" width=\"926\" height=\"419\" src=\"https:\/\/www.siracusa2000.com\/wp-content\/uploads\/2021\/04\/banner-meteo-weekend.png\" alt=\"\" class=\"wp-image-55152\" srcset=\"https:\/\/www.siracusa2000.com\/wp-content\/uploads\/2021\/04\/banner-meteo-weekend.png 926w, https:\/\/www.siracusa2000.com\/wp-content\/uploads\/2021\/04\/banner-meteo-weekend-300x136.png 300w, https:\/\/www.siracusa2000.com\/wp-content\/uploads\/2021\/04\/banner-meteo-weekend-768x348.png 768w\" sizes=\"auto, (max-width: 926px) 100vw, 926px\" \/><\/figure>\n","protected":false},"excerpt":{"rendered":"<p>Sono 150 gli studenti, provenienti da tutta la Sicilia, che hanno superato la selezione tra gli oltre 2000 candidati, e che, da ieri, stanno frequentando il Corso di Laurea Triennale in Infermieristica a Melilli. Gli studenti sono stati accolti dal <a href=\"https:\/\/www.siracusa2000.com\/index.php\/2022\/10\/26\/melilli-universita-partito-il-corso-di-laurea-triennale-in-infermieristica-per-150-studenti\/\" class=\"read-more\">Leggi Tutto &#8230;<\/a><\/p>\n","protected":false},"author":1,"featured_media":74197,"comment_status":"closed","ping_status":"closed","sticky":true,"template":"","format":"standard","meta":{"footnotes":""},"categories":[8],"tags":[],"class_list":["post-74196","post","type-post","status-publish","format-standard","has-post-thumbnail","hentry","category-provincia"],"_links":{"self":[{"href":"https:\/\/www.siracusa2000.com\/index.php\/wp-json\/wp\/v2\/posts\/74196","targetHints":{"allow":["GET"]}}],"collection":[{"href":"https:\/\/www.siracusa2000.com\/index.php\/wp-json\/wp\/v2\/posts"}],"about":[{"href":"https:\/\/www.siracusa2000.com\/index.php\/wp-json\/wp\/v2\/types\/post"}],"author":[{"embeddable":true,"href":"https:\/\/www.siracusa2000.com\/index.php\/wp-json\/wp\/v2\/users\/1"}],"replies":[{"embeddable":true,"href":"https:\/\/www.siracusa2000.com\/index.php\/wp-json\/wp\/v2\/comments?post=74196"}],"version-history":[{"count":1,"href":"https:\/\/www.siracusa2000.com\/index.php\/wp-json\/wp\/v2\/posts\/74196\/revisions"}],"predecessor-version":[{"id":74198,"href":"https:\/\/www.siracusa2000.com\/index.php\/wp-json\/wp\/v2\/posts\/74196\/revisions\/74198"}],"wp:featuredmedia":[{"embeddable":true,"href":"https:\/\/www.siracusa2000.com\/index.php\/wp-json\/wp\/v2\/media\/74197"}],"wp:attachment":[{"href":"https:\/\/www.siracusa2000.com\/index.php\/wp-json\/wp\/v2\/media?parent=74196"}],"wp:term":[{"taxonomy":"category","embeddable":true,"href":"https:\/\/www.siracusa2000.com\/index.php\/wp-json\/wp\/v2\/categories?post=74196"},{"taxonomy":"post_tag","embeddable":true,"href":"https:\/\/www.siracusa2000.com\/index.php\/wp-json\/wp\/v2\/tags?post=74196"}],"curies":[{"name":"wp","href":"https:\/\/api.w.org\/{rel}","templated":true}]}}