{"id":74758,"date":"2022-11-09T18:23:00","date_gmt":"2022-11-09T17:23:00","guid":{"rendered":"https:\/\/www.siracusa2000.com\/?p=74758"},"modified":"2022-11-09T15:26:59","modified_gmt":"2022-11-09T14:26:59","slug":"siracusa-torna-nella-formula-tradizionale-il-festival-delleducazione","status":"publish","type":"post","link":"https:\/\/www.siracusa2000.com\/index.php\/2022\/11\/09\/siracusa-torna-nella-formula-tradizionale-il-festival-delleducazione\/","title":{"rendered":"Siracusa. Torna nella formula tradizionale il &#8220;Festival dell&#8217;Educazione&#8221;"},"content":{"rendered":"\n<figure class=\"wp-block-image size-full\"><img loading=\"lazy\" decoding=\"async\" width=\"797\" height=\"557\" src=\"https:\/\/www.siracusa2000.com\/wp-content\/uploads\/2022\/11\/screenshot-42.png\" alt=\"\" class=\"wp-image-74759\" srcset=\"https:\/\/www.siracusa2000.com\/wp-content\/uploads\/2022\/11\/screenshot-42.png 797w, https:\/\/www.siracusa2000.com\/wp-content\/uploads\/2022\/11\/screenshot-42-300x210.png 300w, https:\/\/www.siracusa2000.com\/wp-content\/uploads\/2022\/11\/screenshot-42-768x537.png 768w\" sizes=\"auto, (max-width: 797px) 100vw, 797px\" \/><\/figure>\n\n\n\n<p>Torna il \u201c<strong>Festival dell\u2019educazione\u2026 sulle orme di Pino Pennisi\u201d<\/strong>, dedicato a bambini e adolescenti all\u2019interno del quale si tiene la \u201c<strong>Marcia dei diritti dell\u2019infanzia e dell\u2019adolescenza\u201d <\/strong><strong>c<\/strong>he, quest\u2019anno celebrer\u00e0 il suo 15.mo anno.<\/p>\n\n\n\n<p>L\u2019edizione 2022 sar\u00e0 dedicata al tema de \u201cLa bellezza che educa\u201d e segner\u00e0 il ritorno alla tradizionale sede dell\u2019<strong>Urban<\/strong> <strong>Center, <\/strong>alla quale si aggiungono altre location che accoglieranno le attivit\u00e0 itineranti.<\/p>\n\n\n\n<p>Anche la Marcia, dopo gli anni della pandemia e delle restrizioni, torner\u00e0 a percorrere le strade della citt\u00e0.<\/p>\n\n\n\n<p>Ne sapremo, comunque, di pi\u00f9 venerd\u00ec alle 10, quando si terr\u00e0 la conferenza stampa indetta dal <strong>sindaco Italia<\/strong> e dall\u2019<strong>assessore alle politiche educative del Comune di Siracusa, Carbone.<\/strong><\/p>\n\n\n\n<p><em>(foto: archivio siracusa citt\u00e0 educativa)<\/em><\/p>\n\n\n\n<p class=\"has-text-align-right\">\u00a9&nbsp;Riproduzione&nbsp;riservata<\/p>\n\n\n\n<p><\/p>\n\n\n\n<figure class=\"wp-block-image size-full\"><img loading=\"lazy\" decoding=\"async\" width=\"853\" height=\"406\" src=\"https:\/\/www.siracusa2000.com\/wp-content\/uploads\/2022\/07\/weekend.jpg\" alt=\"\" class=\"wp-image-70682\" srcset=\"https:\/\/www.siracusa2000.com\/wp-content\/uploads\/2022\/07\/weekend.jpg 853w, https:\/\/www.siracusa2000.com\/wp-content\/uploads\/2022\/07\/weekend-300x143.jpg 300w, https:\/\/www.siracusa2000.com\/wp-content\/uploads\/2022\/07\/weekend-768x366.jpg 768w\" sizes=\"auto, (max-width: 853px) 100vw, 853px\" \/><\/figure>\n","protected":false},"excerpt":{"rendered":"<p>Torna il \u201cFestival dell\u2019educazione\u2026 sulle orme di Pino Pennisi\u201d, dedicato a bambini e adolescenti all\u2019interno del quale si tiene la \u201cMarcia dei diritti dell\u2019infanzia e dell\u2019adolescenza\u201d che, quest\u2019anno celebrer\u00e0 il suo 15.mo anno. L\u2019edizione 2022 sar\u00e0 dedicata al tema de <a href=\"https:\/\/www.siracusa2000.com\/index.php\/2022\/11\/09\/siracusa-torna-nella-formula-tradizionale-il-festival-delleducazione\/\" class=\"read-more\">Leggi Tutto &#8230;<\/a><\/p>\n","protected":false},"author":1,"featured_media":74759,"comment_status":"closed","ping_status":"closed","sticky":true,"template":"","format":"standard","meta":{"footnotes":""},"categories":[7],"tags":[],"class_list":["post-74758","post","type-post","status-publish","format-standard","has-post-thumbnail","hentry","category-citta"],"_links":{"self":[{"href":"https:\/\/www.siracusa2000.com\/index.php\/wp-json\/wp\/v2\/posts\/74758","targetHints":{"allow":["GET"]}}],"collection":[{"href":"https:\/\/www.siracusa2000.com\/index.php\/wp-json\/wp\/v2\/posts"}],"about":[{"href":"https:\/\/www.siracusa2000.com\/index.php\/wp-json\/wp\/v2\/types\/post"}],"author":[{"embeddable":true,"href":"https:\/\/www.siracusa2000.com\/index.php\/wp-json\/wp\/v2\/users\/1"}],"replies":[{"embeddable":true,"href":"https:\/\/www.siracusa2000.com\/index.php\/wp-json\/wp\/v2\/comments?post=74758"}],"version-history":[{"count":1,"href":"https:\/\/www.siracusa2000.com\/index.php\/wp-json\/wp\/v2\/posts\/74758\/revisions"}],"predecessor-version":[{"id":74760,"href":"https:\/\/www.siracusa2000.com\/index.php\/wp-json\/wp\/v2\/posts\/74758\/revisions\/74760"}],"wp:featuredmedia":[{"embeddable":true,"href":"https:\/\/www.siracusa2000.com\/index.php\/wp-json\/wp\/v2\/media\/74759"}],"wp:attachment":[{"href":"https:\/\/www.siracusa2000.com\/index.php\/wp-json\/wp\/v2\/media?parent=74758"}],"wp:term":[{"taxonomy":"category","embeddable":true,"href":"https:\/\/www.siracusa2000.com\/index.php\/wp-json\/wp\/v2\/categories?post=74758"},{"taxonomy":"post_tag","embeddable":true,"href":"https:\/\/www.siracusa2000.com\/index.php\/wp-json\/wp\/v2\/tags?post=74758"}],"curies":[{"name":"wp","href":"https:\/\/api.w.org\/{rel}","templated":true}]}}