{"id":74770,"date":"2022-11-10T11:39:00","date_gmt":"2022-11-10T10:39:00","guid":{"rendered":"https:\/\/www.siracusa2000.com\/?p=74770"},"modified":"2022-11-10T08:41:14","modified_gmt":"2022-11-10T07:41:14","slug":"comiso-si-inaugura-il-parco-letterario-gesualdo-bufalino-cerimonia-domenica-alle-18","status":"publish","type":"post","link":"https:\/\/www.siracusa2000.com\/index.php\/2022\/11\/10\/comiso-si-inaugura-il-parco-letterario-gesualdo-bufalino-cerimonia-domenica-alle-18\/","title":{"rendered":"Comiso. Si inaugura il Parco Letterario Gesualdo Bufalino, cerimonia domenica alle 18"},"content":{"rendered":"\n<p><\/p>\n\n\n\n<figure class=\"wp-block-image size-full\"><img loading=\"lazy\" decoding=\"async\" width=\"918\" height=\"533\" src=\"https:\/\/www.siracusa2000.com\/wp-content\/uploads\/2022\/11\/screenshot-46.png\" alt=\"\" class=\"wp-image-74771\" srcset=\"https:\/\/www.siracusa2000.com\/wp-content\/uploads\/2022\/11\/screenshot-46.png 918w, https:\/\/www.siracusa2000.com\/wp-content\/uploads\/2022\/11\/screenshot-46-300x174.png 300w, https:\/\/www.siracusa2000.com\/wp-content\/uploads\/2022\/11\/screenshot-46-768x446.png 768w\" sizes=\"auto, (max-width: 918px) 100vw, 918px\" \/><\/figure>\n\n\n\n<p>Domenica 13 novembre, alle 18, sar\u00e0 inaugurato, a <strong>Comiso,<\/strong> il <strong>Parco Letterario Gesualdo Bufalino,<\/strong> che, in <strong>Sicilia<\/strong>, si aggiunger\u00e0 a quello di <strong>Pier Maria Rosso,<\/strong> nel nisseno, e di <strong>Giuseppe Antonio Borgese<\/strong> a <strong>Polizzi Generosa.<\/strong><\/p>\n\n\n\n<p>La cerimonia si svolger\u00e0 nella sede della<strong> Fondazione Gesualdo Bufalino<\/strong> alla presenza del s<strong>indaco, Maria Rita Schembari<\/strong>, del <strong>presidente della Fondazione, Giuseppe Di Giacomo, <\/strong>e, tra gli altri, della <strong>presidente della rete de I Parchi Letterari, Luana Alita Micheli.<\/strong><\/p>\n\n\n\n<p>\u201cAvere un parco letterario e essere inseriti in una rete\u201d \u2013 commenta il s<strong>indaco di Comiso,<\/strong> <strong>Schembari <\/strong>&#8211; \u201cfar\u00e0 s\u00ec che diventi fondamentale considerare anche il punto di vista imprenditoriale per cui il territorio \u00e8 una fonte economica non rinnovabile e quindi da proteggere\u201d.<\/p>\n\n\n\n<p>Il progetto del <strong>Parco Letterario Gesualdo Bufalino<\/strong>, come ricorda <strong>Maria Rita Schembari<\/strong>, \u00e8 stato presentato dalla <strong>dott.ssa Arianna Serena<\/strong>, esperta in management del turismo.<\/p>\n\n\n\n<p><em>(foto: a destra Gesualdo Bufalino in uno scatto firmato da Nino Catalano)<\/em><\/p>\n\n\n\n<p class=\"has-text-align-right\">\u00a9&nbsp;Riproduzione&nbsp;riservata<\/p>\n\n\n\n<p><\/p>\n\n\n\n<figure class=\"wp-block-image size-full\"><img loading=\"lazy\" decoding=\"async\" width=\"1000\" height=\"220\" src=\"https:\/\/www.siracusa2000.com\/wp-content\/uploads\/2022\/10\/bug-messa-ore-18-1.png\" alt=\"\" class=\"wp-image-73329\" srcset=\"https:\/\/www.siracusa2000.com\/wp-content\/uploads\/2022\/10\/bug-messa-ore-18-1.png 1000w, https:\/\/www.siracusa2000.com\/wp-content\/uploads\/2022\/10\/bug-messa-ore-18-1-300x66.png 300w, https:\/\/www.siracusa2000.com\/wp-content\/uploads\/2022\/10\/bug-messa-ore-18-1-768x169.png 768w\" sizes=\"auto, (max-width: 1000px) 100vw, 1000px\" \/><\/figure>\n","protected":false},"excerpt":{"rendered":"<p>Domenica 13 novembre, alle 18, sar\u00e0 inaugurato, a Comiso, il Parco Letterario Gesualdo Bufalino, che, in Sicilia, si aggiunger\u00e0 a quello di Pier Maria Rosso, nel nisseno, e di Giuseppe Antonio Borgese a Polizzi Generosa. La cerimonia si svolger\u00e0 nella <a href=\"https:\/\/www.siracusa2000.com\/index.php\/2022\/11\/10\/comiso-si-inaugura-il-parco-letterario-gesualdo-bufalino-cerimonia-domenica-alle-18\/\" class=\"read-more\">Leggi Tutto &#8230;<\/a><\/p>\n","protected":false},"author":1,"featured_media":74771,"comment_status":"closed","ping_status":"closed","sticky":true,"template":"","format":"standard","meta":{"footnotes":""},"categories":[9],"tags":[],"class_list":["post-74770","post","type-post","status-publish","format-standard","has-post-thumbnail","hentry","category-fuori-provincia"],"_links":{"self":[{"href":"https:\/\/www.siracusa2000.com\/index.php\/wp-json\/wp\/v2\/posts\/74770","targetHints":{"allow":["GET"]}}],"collection":[{"href":"https:\/\/www.siracusa2000.com\/index.php\/wp-json\/wp\/v2\/posts"}],"about":[{"href":"https:\/\/www.siracusa2000.com\/index.php\/wp-json\/wp\/v2\/types\/post"}],"author":[{"embeddable":true,"href":"https:\/\/www.siracusa2000.com\/index.php\/wp-json\/wp\/v2\/users\/1"}],"replies":[{"embeddable":true,"href":"https:\/\/www.siracusa2000.com\/index.php\/wp-json\/wp\/v2\/comments?post=74770"}],"version-history":[{"count":1,"href":"https:\/\/www.siracusa2000.com\/index.php\/wp-json\/wp\/v2\/posts\/74770\/revisions"}],"predecessor-version":[{"id":74772,"href":"https:\/\/www.siracusa2000.com\/index.php\/wp-json\/wp\/v2\/posts\/74770\/revisions\/74772"}],"wp:featuredmedia":[{"embeddable":true,"href":"https:\/\/www.siracusa2000.com\/index.php\/wp-json\/wp\/v2\/media\/74771"}],"wp:attachment":[{"href":"https:\/\/www.siracusa2000.com\/index.php\/wp-json\/wp\/v2\/media?parent=74770"}],"wp:term":[{"taxonomy":"category","embeddable":true,"href":"https:\/\/www.siracusa2000.com\/index.php\/wp-json\/wp\/v2\/categories?post=74770"},{"taxonomy":"post_tag","embeddable":true,"href":"https:\/\/www.siracusa2000.com\/index.php\/wp-json\/wp\/v2\/tags?post=74770"}],"curies":[{"name":"wp","href":"https:\/\/api.w.org\/{rel}","templated":true}]}}