{"id":74856,"date":"2022-11-13T17:52:23","date_gmt":"2022-11-13T16:52:23","guid":{"rendered":"https:\/\/www.siracusa2000.com\/?p=74856"},"modified":"2022-11-13T17:52:24","modified_gmt":"2022-11-13T16:52:24","slug":"priolo-gargallo-assistenza-domiciliare-integrata-il-bando-e-on-line-sul-sito-del-comune","status":"publish","type":"post","link":"https:\/\/www.siracusa2000.com\/index.php\/2022\/11\/13\/priolo-gargallo-assistenza-domiciliare-integrata-il-bando-e-on-line-sul-sito-del-comune\/","title":{"rendered":"Priolo Gargallo. Assistenza Domiciliare Integrata, il bando \u00e8 on line sul sito del Comune"},"content":{"rendered":"\n<p><\/p>\n\n\n<div class=\"wp-block-image\">\n<figure class=\"aligncenter size-full\"><img loading=\"lazy\" decoding=\"async\" width=\"937\" height=\"575\" src=\"https:\/\/www.siracusa2000.com\/wp-content\/uploads\/2022\/11\/adi.png\" alt=\"\" class=\"wp-image-74857\" srcset=\"https:\/\/www.siracusa2000.com\/wp-content\/uploads\/2022\/11\/adi.png 937w, https:\/\/www.siracusa2000.com\/wp-content\/uploads\/2022\/11\/adi-300x184.png 300w, https:\/\/www.siracusa2000.com\/wp-content\/uploads\/2022\/11\/adi-768x471.png 768w\" sizes=\"auto, (max-width: 937px) 100vw, 937px\" \/><\/figure><\/div>\n\n\n<p>E\u2019 on line sul sito istituzionale del <strong>Comune di Priolo Gargallo<\/strong> l\u2019avviso per la formazione della nuova graduatoria, relativa all\u2019assegnazione del <strong>servizio ADI<\/strong> per il triennio 2023\/25.<\/p>\n\n\n\n<p>L\u2019<strong>Assistenza Domiciliare Integrata, <\/strong>a beneficio degli over 65 non autosufficienti, sar\u00e0 garantita in regime di convenzione tramite enti del terzo settore accreditati.<\/p>\n\n\n\n<p>Le richieste vanno redatte sugli appositi moduli, scaricabili dal sito del Comune, e presentate entro il prossimo 25 novembre.<\/p>\n\n\n\n<p>Per maggiori informazioni, gli interessati possono rivolgersi allo <strong>sportello Front Office<\/strong> del <strong>settore Politiche Sociali del Comune di Priolo Gargallo<\/strong>, il luned\u00ec e mercoled\u00ec ore 9-12.30 ed il gioved\u00ec ore 15.30-17.30.<\/p>\n\n\n\n<p><em>(foto: archivio siracusa2000 e repertorio internet)<\/em><\/p>\n\n\n\n<p class=\"has-text-align-right\">\u00a9&nbsp;Riproduzione&nbsp;riservata<em><\/em><\/p>\n\n\n<div class=\"wp-block-image\">\n<figure class=\"aligncenter size-full\"><img loading=\"lazy\" decoding=\"async\" width=\"365\" height=\"228\" src=\"https:\/\/www.siracusa2000.com\/wp-content\/uploads\/2021\/06\/bug-dance-dance.png\" alt=\"\" class=\"wp-image-57906\" srcset=\"https:\/\/www.siracusa2000.com\/wp-content\/uploads\/2021\/06\/bug-dance-dance.png 365w, https:\/\/www.siracusa2000.com\/wp-content\/uploads\/2021\/06\/bug-dance-dance-300x187.png 300w\" sizes=\"auto, (max-width: 365px) 100vw, 365px\" \/><\/figure><\/div>\n\n\n<p><\/p>\n","protected":false},"excerpt":{"rendered":"<p>E\u2019 on line sul sito istituzionale del Comune di Priolo Gargallo l\u2019avviso per la formazione della nuova graduatoria, relativa all\u2019assegnazione del servizio ADI per il triennio 2023\/25. L\u2019Assistenza Domiciliare Integrata, a beneficio degli over 65 non autosufficienti, sar\u00e0 garantita in <a href=\"https:\/\/www.siracusa2000.com\/index.php\/2022\/11\/13\/priolo-gargallo-assistenza-domiciliare-integrata-il-bando-e-on-line-sul-sito-del-comune\/\" class=\"read-more\">Leggi Tutto &#8230;<\/a><\/p>\n","protected":false},"author":1,"featured_media":74857,"comment_status":"closed","ping_status":"closed","sticky":true,"template":"","format":"standard","meta":{"footnotes":""},"categories":[8],"tags":[],"class_list":["post-74856","post","type-post","status-publish","format-standard","has-post-thumbnail","hentry","category-provincia"],"_links":{"self":[{"href":"https:\/\/www.siracusa2000.com\/index.php\/wp-json\/wp\/v2\/posts\/74856","targetHints":{"allow":["GET"]}}],"collection":[{"href":"https:\/\/www.siracusa2000.com\/index.php\/wp-json\/wp\/v2\/posts"}],"about":[{"href":"https:\/\/www.siracusa2000.com\/index.php\/wp-json\/wp\/v2\/types\/post"}],"author":[{"embeddable":true,"href":"https:\/\/www.siracusa2000.com\/index.php\/wp-json\/wp\/v2\/users\/1"}],"replies":[{"embeddable":true,"href":"https:\/\/www.siracusa2000.com\/index.php\/wp-json\/wp\/v2\/comments?post=74856"}],"version-history":[{"count":1,"href":"https:\/\/www.siracusa2000.com\/index.php\/wp-json\/wp\/v2\/posts\/74856\/revisions"}],"predecessor-version":[{"id":74858,"href":"https:\/\/www.siracusa2000.com\/index.php\/wp-json\/wp\/v2\/posts\/74856\/revisions\/74858"}],"wp:featuredmedia":[{"embeddable":true,"href":"https:\/\/www.siracusa2000.com\/index.php\/wp-json\/wp\/v2\/media\/74857"}],"wp:attachment":[{"href":"https:\/\/www.siracusa2000.com\/index.php\/wp-json\/wp\/v2\/media?parent=74856"}],"wp:term":[{"taxonomy":"category","embeddable":true,"href":"https:\/\/www.siracusa2000.com\/index.php\/wp-json\/wp\/v2\/categories?post=74856"},{"taxonomy":"post_tag","embeddable":true,"href":"https:\/\/www.siracusa2000.com\/index.php\/wp-json\/wp\/v2\/tags?post=74856"}],"curies":[{"name":"wp","href":"https:\/\/api.w.org\/{rel}","templated":true}]}}