{"id":74864,"date":"2022-11-13T23:16:15","date_gmt":"2022-11-13T22:16:15","guid":{"rendered":"https:\/\/www.siracusa2000.com\/?p=74864"},"modified":"2022-11-13T23:16:17","modified_gmt":"2022-11-13T22:16:17","slug":"siracusa-festa-di-santa-lucia-eletti-i-campanellai-delle-processioni-di-dicembre-e-maggio","status":"publish","type":"post","link":"https:\/\/www.siracusa2000.com\/index.php\/2022\/11\/13\/siracusa-festa-di-santa-lucia-eletti-i-campanellai-delle-processioni-di-dicembre-e-maggio\/","title":{"rendered":"Siracusa. Festa di Santa Lucia,\u00a0 eletti i campanellai delle processioni di dicembre e maggio"},"content":{"rendered":"\n<p><strong>Roberto Mirmina<\/strong> a <strong>Salvatore Buccheri<\/strong> saranno i campanellai delle processioni di <strong>Santa Lucia,<\/strong> rispettivamente a dicembre ed a maggio.<\/p>\n\n\n<div class=\"wp-block-image\">\n<figure class=\"aligncenter size-full\"><img loading=\"lazy\" decoding=\"async\" width=\"1020\" height=\"662\" src=\"https:\/\/www.siracusa2000.com\/wp-content\/uploads\/2022\/11\/screenshot-67.png\" alt=\"\" class=\"wp-image-74865\" srcset=\"https:\/\/www.siracusa2000.com\/wp-content\/uploads\/2022\/11\/screenshot-67.png 1020w, https:\/\/www.siracusa2000.com\/wp-content\/uploads\/2022\/11\/screenshot-67-300x195.png 300w, https:\/\/www.siracusa2000.com\/wp-content\/uploads\/2022\/11\/screenshot-67-768x498.png 768w\" sizes=\"auto, (max-width: 1020px) 100vw, 1020px\" \/><\/figure><\/div>\n\n\n<p>L\u2019elezione \u00e8 avvenuta questa sera, nel <strong>Santuario di santa Lucia al Sepolcro<\/strong>, al termine della Santa Messa seguita dalla breve processione delle reliquie della santa patrona di <strong>Siracusa<\/strong>, dalla <strong>Basilica<\/strong> al <strong>Tempietto ottagonale<\/strong>.<\/p>\n\n\n\n<p>A portare l\u2019ulna sono stati i genitori di Vincenzo, un 17enne finito al \u201c<strong>Cannizzaro\u201d di Catania, <\/strong>a seguito di un grave incidente stradale e che, si sta risvegliando dal coma.<\/p>\n\n\n\n<p>Le scarpette rosse sono state, invece, portate da una coppia di devoti che hanno ricevuto una grazia.<\/p>\n\n\n\n<p>Presenti alla processione ed alla elezione dei campanellai, il <strong>maestro di Cappella, Benedetto Ghiurmino, <\/strong>una rappresentanza della <strong>Deputazione della Cappella di Santa Lucia<\/strong>, con il presidente, <strong>Pucci Piccione, Salvo Sparatore<\/strong> ed <strong>Elena Artale<\/strong>, al lavoro per definire il programma della festa di dicembre. <\/p>\n\n\n<div class=\"wp-block-image\">\n<figure class=\"alignright size-full\"><img loading=\"lazy\" decoding=\"async\" width=\"317\" height=\"175\" src=\"https:\/\/www.siracusa2000.com\/wp-content\/uploads\/2020\/11\/bug-spazio-italia.micro_.gif\" alt=\"\" class=\"wp-image-48472\"\/><\/figure><\/div>\n\n\n<p>Ancora nulla di ufficiale ma, come ci ha anticipato il <strong>presidente Piccione<\/strong>, quest\u2019anno saranno protagonisti i santi del nostro tempo. Il giudice <strong>Rosario Livatino<\/strong>, per esempio, \u00e8 da considerare un martire perch\u00e9 il martirio non \u00e8 un fatto legato solo al passato.<\/p>\n\n\n\n<p>Tornando all\u2019elezione, tra i 42 aventi diritto dell<strong>\u2019associazione Santa Lucia fra i falegnami, <\/strong>Roberto Mirmina, con 14 voti, l\u2019ha spuntata su Francesco Iacono (13 voti).<\/p>\n\n\n\n<p>55 anni, <strong>Roberto Mirmina<\/strong> \u00e8 alla sua seconda esperienza. \u201cGi\u00e0 20 anni fa a maggio\u201d \u2013 ci ha detto \u2013 \u201cho suonato la campana, ma \u00e8 chiaro che la festa di dicembre \u00e8 pi\u00f9 sentita dai siracusani, rispetto a quella di primavera.<\/p>\n\n\n\n<p>E, in primavera, a guidare i ritmi della processione di Santa Lucia per le vie di Ortigia, sar\u00e0 <strong>Salvatore Buccheri,<\/strong> 44 anni. \u201cAnche se pi\u00f9 intima, perch\u00e9 il percorso \u00e8 pi\u00f9 breve\u201d \u2013 commenta \u2013 \u201cla processione della festa del Patrocinio \u00e8 ugualmente emozionante. Eppoi, per noi falegnami\u201c \u2013 sottolinea <strong>Salvatore Buccheri<\/strong> \u2013 \u201c<strong>Santa Lucia<\/strong> \u00e8 sempre presente, tutti i giorni dell\u2019anno\u201d.<\/p>\n\n\n\n<p>Nel corso della serata sono state consegnate le pergamene a 124 berretti verdi che, avendo superato i 55 anni, non potranno pi\u00f9 portare il simulacro a spalla, per raggiunti limiti di et\u00e0. Quest\u2019anno, comunque, in via del tutto eccezionale, sar\u00e0 loro consentito di vivere, per l\u2019ultima volta, l\u2019esperienza di portatori. Poich\u00e9 negli ultimi ani segnati dalla pandemia, la processioni non si sono tenute, si \u00e8 deciso da concedere questa opportunit\u00e0.<\/p>\n\n\n\n<p><em>(foto: da sinistra, il presidente dell\u2019associazione \u201cS. Lucia fra i falegnami\u201d P. Puglisi, R. Mirmina, P. Piccione, S. Buccheri, E. Artale)&nbsp;<\/em><\/p>\n\n\n\n<p class=\"has-text-align-right\">\u00a9&nbsp;Riproduzione&nbsp;riservata<em><\/em><\/p>\n\n\n\n<p><\/p>\n\n\n\n<figure class=\"wp-block-image size-large\"><img loading=\"lazy\" decoding=\"async\" width=\"1024\" height=\"232\" src=\"https:\/\/www.siracusa2000.com\/wp-content\/uploads\/2022\/10\/BANNER-LACRIMEDAMORETV-1024x232.png\" alt=\"\" class=\"wp-image-74384\" srcset=\"https:\/\/www.siracusa2000.com\/wp-content\/uploads\/2022\/10\/BANNER-LACRIMEDAMORETV-1024x232.png 1024w, https:\/\/www.siracusa2000.com\/wp-content\/uploads\/2022\/10\/BANNER-LACRIMEDAMORETV-300x68.png 300w, https:\/\/www.siracusa2000.com\/wp-content\/uploads\/2022\/10\/BANNER-LACRIMEDAMORETV-768x174.png 768w, https:\/\/www.siracusa2000.com\/wp-content\/uploads\/2022\/10\/BANNER-LACRIMEDAMORETV.png 1030w\" sizes=\"auto, (max-width: 1024px) 100vw, 1024px\" \/><\/figure>\n","protected":false},"excerpt":{"rendered":"<p>Roberto Mirmina a Salvatore Buccheri saranno i campanellai delle processioni di Santa Lucia, rispettivamente a dicembre ed a maggio. L\u2019elezione \u00e8 avvenuta questa sera, nel Santuario di santa Lucia al Sepolcro, al termine della Santa Messa seguita dalla breve processione <a href=\"https:\/\/www.siracusa2000.com\/index.php\/2022\/11\/13\/siracusa-festa-di-santa-lucia-eletti-i-campanellai-delle-processioni-di-dicembre-e-maggio\/\" class=\"read-more\">Leggi Tutto &#8230;<\/a><\/p>\n","protected":false},"author":1,"featured_media":74865,"comment_status":"closed","ping_status":"closed","sticky":true,"template":"","format":"standard","meta":{"footnotes":""},"categories":[7],"tags":[],"class_list":["post-74864","post","type-post","status-publish","format-standard","has-post-thumbnail","hentry","category-citta"],"_links":{"self":[{"href":"https:\/\/www.siracusa2000.com\/index.php\/wp-json\/wp\/v2\/posts\/74864","targetHints":{"allow":["GET"]}}],"collection":[{"href":"https:\/\/www.siracusa2000.com\/index.php\/wp-json\/wp\/v2\/posts"}],"about":[{"href":"https:\/\/www.siracusa2000.com\/index.php\/wp-json\/wp\/v2\/types\/post"}],"author":[{"embeddable":true,"href":"https:\/\/www.siracusa2000.com\/index.php\/wp-json\/wp\/v2\/users\/1"}],"replies":[{"embeddable":true,"href":"https:\/\/www.siracusa2000.com\/index.php\/wp-json\/wp\/v2\/comments?post=74864"}],"version-history":[{"count":1,"href":"https:\/\/www.siracusa2000.com\/index.php\/wp-json\/wp\/v2\/posts\/74864\/revisions"}],"predecessor-version":[{"id":74866,"href":"https:\/\/www.siracusa2000.com\/index.php\/wp-json\/wp\/v2\/posts\/74864\/revisions\/74866"}],"wp:featuredmedia":[{"embeddable":true,"href":"https:\/\/www.siracusa2000.com\/index.php\/wp-json\/wp\/v2\/media\/74865"}],"wp:attachment":[{"href":"https:\/\/www.siracusa2000.com\/index.php\/wp-json\/wp\/v2\/media?parent=74864"}],"wp:term":[{"taxonomy":"category","embeddable":true,"href":"https:\/\/www.siracusa2000.com\/index.php\/wp-json\/wp\/v2\/categories?post=74864"},{"taxonomy":"post_tag","embeddable":true,"href":"https:\/\/www.siracusa2000.com\/index.php\/wp-json\/wp\/v2\/tags?post=74864"}],"curies":[{"name":"wp","href":"https:\/\/api.w.org\/{rel}","templated":true}]}}