{"id":74871,"date":"2022-11-14T14:44:00","date_gmt":"2022-11-14T13:44:00","guid":{"rendered":"https:\/\/www.siracusa2000.com\/?p=74871"},"modified":"2022-11-14T12:40:01","modified_gmt":"2022-11-14T11:40:01","slug":"siracusa-festa-di-santa-lucia-parte-il-conto-alla-rovescia-per-le-processioni-di-dicembre","status":"publish","type":"post","link":"https:\/\/www.siracusa2000.com\/index.php\/2022\/11\/14\/siracusa-festa-di-santa-lucia-parte-il-conto-alla-rovescia-per-le-processioni-di-dicembre\/","title":{"rendered":"Siracusa. Festa di Santa Lucia, parte il conto alla rovescia per le processioni di dicembre"},"content":{"rendered":"\n<p>Dopo l\u2019elezione del campanellaio, figura fondamentale della processione, inizia il conto alla rovescia per la <strong>festa di Santa Lucia di dicembre <\/strong>che, quest\u2019anno, dopo i due anni di pandemia, vedr\u00e0 il ritorno del simulacro e delle reliquie nel <strong>Santuario della Borgata.<\/strong><\/p>\n\n\n\n<p>La <strong>Deputazione della Cappella di Santa Lucia<\/strong>, insieme all\u2019<strong>arcivescovo Francesco Lomanto,<\/strong> \u00e8 al lavoro per definire gli ultimi dettagli del programma, che torner\u00e0 ad essere completo e ricco di eventi collaterali e che sar\u00e0, poi, ufficializzato e presentato alla stampa.<\/p>\n\n\n\n<figure class=\"wp-block-image size-full\"><img loading=\"lazy\" decoding=\"async\" width=\"887\" height=\"525\" src=\"https:\/\/www.siracusa2000.com\/wp-content\/uploads\/2022\/11\/screenshot-68.png\" alt=\"\" class=\"wp-image-74872\" srcset=\"https:\/\/www.siracusa2000.com\/wp-content\/uploads\/2022\/11\/screenshot-68.png 887w, https:\/\/www.siracusa2000.com\/wp-content\/uploads\/2022\/11\/screenshot-68-300x178.png 300w, https:\/\/www.siracusa2000.com\/wp-content\/uploads\/2022\/11\/screenshot-68-768x455.png 768w\" sizes=\"auto, (max-width: 887px) 100vw, 887px\" \/><\/figure>\n\n\n\n<p>Come ci ha anticipato il <strong>presidente Pucci Piccione,<\/strong> quest\u2019anno saranno tantissime le presenze qui a Siracusa, saranno coinvolti ancora una volta i giovani e si parler\u00e0 della santit\u00e0 e dei santi dei giorni nostri.<\/p>\n\n\n\n<p>Un esempio, il <strong>giudice Rosario Livatino,<\/strong> ucciso dalla \u201c<strong>stidda\u201d<\/strong>, l\u2019organizzazione mafiosa agrigentina, nel 1990, uno dei martiri, quindi, del nostro tempo. \u201cIl martirio\u201d \u2013 prosegue <strong>Pucci Piccione<\/strong> \u2013 \u201cnon \u00e8 un fatto del passato, la santit\u00e0 \u00e8 un fatto lontano ma \u00e8 un fatto attuale\u201d.<\/p>\n\n\n\n<p>Torner\u00e0 anche la \u201c<strong>Via Lucis<\/strong>\u201d a <strong>Santa Lucia al Sepolcro,<\/strong> con le iniziative della <strong>Pastorale Giovanile<\/strong> e torneranno gli spettacoli pirotecnici.<\/p>\n\n\n\n<p>Fino a questo momento, ci ha detto il <strong>presidente della Deputazione della Cappella di Santa Lucia,<\/strong> sono confermati i fuochi della sera dell\u2019Ottava, quindi del 20 dicembre.<\/p>\n\n\n\n<p>\u201cE\u2019 un clima di festa per noi \u201c &#8211; precisa \u2013 \u201cma il mondo sta vivendo situazioni di grande difficolt\u00e0\u201d. Bisogna, insomma, valutare bene se spendere somme di denaro per qualcosa di bello ed importante ma, comunque, effimero, in piena crisi economica, abbia veramente un senso.<\/p>\n\n\n\n<p>La <strong>festa di Santa Lucia<\/strong> di dicembre sar\u00e0 anche l\u2019ultima per <strong>Benedetto Ghiurmino,<\/strong> storico <strong>Maestro di Cappella <\/strong>che, proprio a dicembre, lascer\u00e0 l\u2019incarico per motivi di carattere familiare.<\/p>\n\n\n\n<p>Il suo successore potrebbe essere uno dei due attuali vice, cio\u00e8 <strong>Alessandro Zangh\u00ec <\/strong>o <strong>Massimo Rizza <\/strong>ma la decisione spetter\u00e0, poi, alla Deputazione ed all\u2019arcivescovo.<\/p>\n\n\n\n<p><em>(foto: archivio siracusa2000)<\/em><\/p>\n\n\n\n<p class=\"has-text-align-right\">\u00a9&nbsp;Riproduzione&nbsp;riservata<\/p>\n\n\n\n<p><\/p>\n\n\n\n<figure class=\"wp-block-image size-full\"><img loading=\"lazy\" decoding=\"async\" width=\"1000\" height=\"220\" src=\"https:\/\/www.siracusa2000.com\/wp-content\/uploads\/2022\/10\/bug-messa-ore-18-1.png\" alt=\"\" class=\"wp-image-73329\" srcset=\"https:\/\/www.siracusa2000.com\/wp-content\/uploads\/2022\/10\/bug-messa-ore-18-1.png 1000w, https:\/\/www.siracusa2000.com\/wp-content\/uploads\/2022\/10\/bug-messa-ore-18-1-300x66.png 300w, https:\/\/www.siracusa2000.com\/wp-content\/uploads\/2022\/10\/bug-messa-ore-18-1-768x169.png 768w\" sizes=\"auto, (max-width: 1000px) 100vw, 1000px\" \/><\/figure>\n","protected":false},"excerpt":{"rendered":"<p>Dopo l\u2019elezione del campanellaio, figura fondamentale della processione, inizia il conto alla rovescia per la festa di Santa Lucia di dicembre che, quest\u2019anno, dopo i due anni di pandemia, vedr\u00e0 il ritorno del simulacro e delle reliquie nel Santuario della <a href=\"https:\/\/www.siracusa2000.com\/index.php\/2022\/11\/14\/siracusa-festa-di-santa-lucia-parte-il-conto-alla-rovescia-per-le-processioni-di-dicembre\/\" class=\"read-more\">Leggi Tutto &#8230;<\/a><\/p>\n","protected":false},"author":1,"featured_media":74872,"comment_status":"closed","ping_status":"closed","sticky":true,"template":"","format":"standard","meta":{"footnotes":""},"categories":[7],"tags":[],"class_list":["post-74871","post","type-post","status-publish","format-standard","has-post-thumbnail","hentry","category-citta"],"_links":{"self":[{"href":"https:\/\/www.siracusa2000.com\/index.php\/wp-json\/wp\/v2\/posts\/74871","targetHints":{"allow":["GET"]}}],"collection":[{"href":"https:\/\/www.siracusa2000.com\/index.php\/wp-json\/wp\/v2\/posts"}],"about":[{"href":"https:\/\/www.siracusa2000.com\/index.php\/wp-json\/wp\/v2\/types\/post"}],"author":[{"embeddable":true,"href":"https:\/\/www.siracusa2000.com\/index.php\/wp-json\/wp\/v2\/users\/1"}],"replies":[{"embeddable":true,"href":"https:\/\/www.siracusa2000.com\/index.php\/wp-json\/wp\/v2\/comments?post=74871"}],"version-history":[{"count":5,"href":"https:\/\/www.siracusa2000.com\/index.php\/wp-json\/wp\/v2\/posts\/74871\/revisions"}],"predecessor-version":[{"id":74877,"href":"https:\/\/www.siracusa2000.com\/index.php\/wp-json\/wp\/v2\/posts\/74871\/revisions\/74877"}],"wp:featuredmedia":[{"embeddable":true,"href":"https:\/\/www.siracusa2000.com\/index.php\/wp-json\/wp\/v2\/media\/74872"}],"wp:attachment":[{"href":"https:\/\/www.siracusa2000.com\/index.php\/wp-json\/wp\/v2\/media?parent=74871"}],"wp:term":[{"taxonomy":"category","embeddable":true,"href":"https:\/\/www.siracusa2000.com\/index.php\/wp-json\/wp\/v2\/categories?post=74871"},{"taxonomy":"post_tag","embeddable":true,"href":"https:\/\/www.siracusa2000.com\/index.php\/wp-json\/wp\/v2\/tags?post=74871"}],"curies":[{"name":"wp","href":"https:\/\/api.w.org\/{rel}","templated":true}]}}