{"id":74969,"date":"2022-11-17T08:37:00","date_gmt":"2022-11-17T07:37:00","guid":{"rendered":"https:\/\/www.siracusa2000.com\/?p=74969"},"modified":"2022-11-16T16:40:38","modified_gmt":"2022-11-16T15:40:38","slug":"siracusa-le-modifiche-alla-viabilita-nella-zona-umbertina-interessata-dal-corteo","status":"publish","type":"post","link":"https:\/\/www.siracusa2000.com\/index.php\/2022\/11\/17\/siracusa-le-modifiche-alla-viabilita-nella-zona-umbertina-interessata-dal-corteo\/","title":{"rendered":"Siracusa. Le modifiche alla viabilit\u00e0 nella zona Umbertina interessata dal corteo"},"content":{"rendered":"\n<p>Queste le modifiche alla viabilit\u00e0 introdotte con Ordinanza del Settore Mobilit\u00e0 del Comune di Siracusa, in vigora domani nella zona Umbertina per domani:<\/p>\n\n\n\n<figure class=\"wp-block-image size-full\"><img loading=\"lazy\" decoding=\"async\" width=\"807\" height=\"481\" src=\"https:\/\/www.siracusa2000.com\/wp-content\/uploads\/2022\/11\/screenshot-95.png\" alt=\"\" class=\"wp-image-74970\" srcset=\"https:\/\/www.siracusa2000.com\/wp-content\/uploads\/2022\/11\/screenshot-95.png 807w, https:\/\/www.siracusa2000.com\/wp-content\/uploads\/2022\/11\/screenshot-95-300x179.png 300w, https:\/\/www.siracusa2000.com\/wp-content\/uploads\/2022\/11\/screenshot-95-768x458.png 768w\" sizes=\"auto, (max-width: 807px) 100vw, 807px\" \/><\/figure>\n\n\n\n<p>dalle 6 alle 14 sar\u00e0 in vigore il divieto di sosta con rimozione coatta ambo i lati in corso Umberto I, tra via Catania e il Ponte Umbertino; in via Malta, Ponte Umbertino, piazza Pancali ( con esclusione della bretella riservata allo stazionamento dei taxi ), largo XXV Luglio, corso Matteotti, piazza Archimede, via Chindemi (nel tratto interposto tra Via XX Settembre e Via dei Mille), piazzale Marconi;<\/p>\n\n\n\n<p>Ad esclusione dei mezzi di soccorso e delle Forze di Polizia, a partire dalle 8 e fino al passaggio del corteo, sar\u00e0 istituito il divieto di transito in corso Umberto I, nel tratto tra le due bretelle di Foro Siracusano; dalle 9 fino al passaggio del corteo, divieto di transito veicolare nel corso Umberto I, nel tratto tra Foro Siracusano e il Ponte Umbertino; Ponte Umbertino, piazza Pancali, largo XXV Luglio. corso Matteotti, piazza Archimede.<\/p>\n\n\n\n<p>Dalle 8 e fino al passaggio del corteo, doppio senso di circolazione sul Ponte Santa Lucia, in Riva della Darsena (tratto interposto tra il Ponte Santa Lucia e Via Malta) e in Via Malta.<\/p>\n\n\n\n<p>Percorso obbligato per i veicoli in uscita da Ortigia: chi proviene da via Savoia percorrer\u00e0 via Chindemi, Ponte Santa Lucia, via Malta, piazzale Marconi; chi proviene da Riva della Posta e via Trieste percorrer\u00e0 via dei Mille, ponte Santa Lucia, Riva della Darsena, via Malta, piazzale Marconi.<\/p>\n\n\n\n<p>Per i veicoli in entrata verso Ortigia (possessori di pass ZTL): piazzale Marconi, via Malta, Riva della Darsena, ponte S. Lucia e via dei Mille.<\/p>\n\n\n\n<p>Dalle 8 e fino al passaggio del corteo, circolazione veicolare interdetta, mediante l\u2019istituzione di blocchi, all\u2019altezza delle intersezioni di via Bengasi per via Somalia; via Malta per piazzale Marconi, via Elorina per via del Porto Grande.<\/p>\n\n\n\n<p>I veicoli non possessori di pass ZTL, provenienti da piazzale Marconi, avranno l\u2019obbligo di proseguire per Foro Siracusano con direzione corso Gelone o via Crispi.<\/p>\n\n\n\n<p>I veicoli provenienti da via Elorina, giunti in corrispondenza dell\u2019intersezione con via del Porto Grande, avranno l\u2019obbligo di proseguire per via Elorina con direzione piazzale Marconi.<\/p>\n\n\n\n<p>I veicoli in uscita dal parcheggio Molo S. Antonio avranno l\u2019obbligo di proseguire per Via del Porto Grande. I veicoli provenienti da via Somalia, avranno l\u2019obbligo di svoltare a sinistra per via Malta.<\/p>\n\n\n\n<p>Per tutto il periodo del comizio, che si svolger\u00e0 in piazza Archimede, in corso Matteotti sar\u00e0 in vigore il divieto di transito veicolare. Durante il passaggio del corteo verranno chiuse momentaneamente alla circolazione veicolare anche tutte le strade con sbocco sulle vie interessate allo stesso. Il trasporto pubblico urbano dell\u2019Ast effettuer\u00e0 percorsi alternativi.<\/p>\n\n\n\n<p><em>(foto: archivio siracusa2000)<\/em><\/p>\n\n\n\n<p class=\"has-text-align-right\"><em>\u00a9 Riproduzione riservata<\/em><\/p>\n\n\n\n<figure class=\"wp-block-image size-full\"><img loading=\"lazy\" decoding=\"async\" width=\"926\" height=\"419\" src=\"https:\/\/www.siracusa2000.com\/wp-content\/uploads\/2021\/04\/banner-meteo-weekend.png\" alt=\"\" class=\"wp-image-55152\" srcset=\"https:\/\/www.siracusa2000.com\/wp-content\/uploads\/2021\/04\/banner-meteo-weekend.png 926w, https:\/\/www.siracusa2000.com\/wp-content\/uploads\/2021\/04\/banner-meteo-weekend-300x136.png 300w, https:\/\/www.siracusa2000.com\/wp-content\/uploads\/2021\/04\/banner-meteo-weekend-768x348.png 768w\" sizes=\"auto, (max-width: 926px) 100vw, 926px\" \/><\/figure>\n","protected":false},"excerpt":{"rendered":"<p>Queste le modifiche alla viabilit\u00e0 introdotte con Ordinanza del Settore Mobilit\u00e0 del Comune di Siracusa, in vigora domani nella zona Umbertina per domani: dalle 6 alle 14 sar\u00e0 in vigore il divieto di sosta con rimozione coatta ambo i lati <a href=\"https:\/\/www.siracusa2000.com\/index.php\/2022\/11\/17\/siracusa-le-modifiche-alla-viabilita-nella-zona-umbertina-interessata-dal-corteo\/\" class=\"read-more\">Leggi Tutto &#8230;<\/a><\/p>\n","protected":false},"author":1,"featured_media":74970,"comment_status":"closed","ping_status":"closed","sticky":true,"template":"","format":"standard","meta":{"footnotes":""},"categories":[7],"tags":[],"class_list":["post-74969","post","type-post","status-publish","format-standard","has-post-thumbnail","hentry","category-citta"],"_links":{"self":[{"href":"https:\/\/www.siracusa2000.com\/index.php\/wp-json\/wp\/v2\/posts\/74969","targetHints":{"allow":["GET"]}}],"collection":[{"href":"https:\/\/www.siracusa2000.com\/index.php\/wp-json\/wp\/v2\/posts"}],"about":[{"href":"https:\/\/www.siracusa2000.com\/index.php\/wp-json\/wp\/v2\/types\/post"}],"author":[{"embeddable":true,"href":"https:\/\/www.siracusa2000.com\/index.php\/wp-json\/wp\/v2\/users\/1"}],"replies":[{"embeddable":true,"href":"https:\/\/www.siracusa2000.com\/index.php\/wp-json\/wp\/v2\/comments?post=74969"}],"version-history":[{"count":1,"href":"https:\/\/www.siracusa2000.com\/index.php\/wp-json\/wp\/v2\/posts\/74969\/revisions"}],"predecessor-version":[{"id":74971,"href":"https:\/\/www.siracusa2000.com\/index.php\/wp-json\/wp\/v2\/posts\/74969\/revisions\/74971"}],"wp:featuredmedia":[{"embeddable":true,"href":"https:\/\/www.siracusa2000.com\/index.php\/wp-json\/wp\/v2\/media\/74970"}],"wp:attachment":[{"href":"https:\/\/www.siracusa2000.com\/index.php\/wp-json\/wp\/v2\/media?parent=74969"}],"wp:term":[{"taxonomy":"category","embeddable":true,"href":"https:\/\/www.siracusa2000.com\/index.php\/wp-json\/wp\/v2\/categories?post=74969"},{"taxonomy":"post_tag","embeddable":true,"href":"https:\/\/www.siracusa2000.com\/index.php\/wp-json\/wp\/v2\/tags?post=74969"}],"curies":[{"name":"wp","href":"https:\/\/api.w.org\/{rel}","templated":true}]}}