{"id":75002,"date":"2022-11-17T18:23:00","date_gmt":"2022-11-17T17:23:00","guid":{"rendered":"https:\/\/www.siracusa2000.com\/?p=75002"},"modified":"2022-11-17T18:16:52","modified_gmt":"2022-11-17T17:16:52","slug":"siracusa-si-alza-il-sipario-sul-festival-delleducazione-tanti-eventi-e-la-marcia-dei-bambini","status":"publish","type":"post","link":"https:\/\/www.siracusa2000.com\/index.php\/2022\/11\/17\/siracusa-si-alza-il-sipario-sul-festival-delleducazione-tanti-eventi-e-la-marcia-dei-bambini\/","title":{"rendered":"Siracusa. Si alza il sipario sul Festival dell&#8217;Educazione, tanti eventi e la &#8220;marcia dei  bambini&#8221;"},"content":{"rendered":"<div class=\"wp-block-image\">\n<figure class=\"aligncenter size-full\"><img loading=\"lazy\" decoding=\"async\" width=\"973\" height=\"629\" src=\"https:\/\/www.siracusa2000.com\/wp-content\/uploads\/2022\/11\/screenshot-105.png\" alt=\"\" class=\"wp-image-75003\" srcset=\"https:\/\/www.siracusa2000.com\/wp-content\/uploads\/2022\/11\/screenshot-105.png 973w, https:\/\/www.siracusa2000.com\/wp-content\/uploads\/2022\/11\/screenshot-105-300x194.png 300w, https:\/\/www.siracusa2000.com\/wp-content\/uploads\/2022\/11\/screenshot-105-768x496.png 768w\" sizes=\"auto, (max-width: 973px) 100vw, 973px\" \/><\/figure><\/div>\n\n\n<p>Si inaugura  domani mattina alle 9, all\u2019<strong>Urban Center<\/strong>, il \u201c<strong>Festival dell\u2019educazione \u2013 sulle orme di Pino Pennisi\u201d<\/strong>, edizione numero 5, organizzato dal Comune attraverso <strong>Citt\u00e0 Educativa, <\/strong>con l\u2019obiettivo di consolidare, sin dalla tenera et\u00e0, il senso civico, il rispetto per gli altri e la cultura dei beni comuni.<\/p>\n\n\n\n<p>&nbsp;\u201cLa bellezza che educa\u201d sar\u00e0 il tema di otto giorni di eventi che, quest\u2019anno, rivedranno la \u201c<strong>Marcia dei diritti dell\u2019infanzia e dell\u2019adolescenza\u201d,<\/strong> creata da <strong>Pino Pennisi<\/strong>, che, luned\u00ec 21 novembre, sfiler\u00e0 lungo le vie della citt\u00e0.<\/p>\n\n\n\n<p>Ad aprire il festival saranno il <strong>sindaco, Francesco Italia<\/strong>, e l\u2019<strong>assessore a Citt\u00e0 Educativa, Conci Carbone, <\/strong>con l\u2019accoglienza affidata agli studenti dell\u2019<strong>Istituto<\/strong> <strong>Alberghiero \u201cFederico di Svevia\u201d; <\/strong>l\u2019inaugurazione sar\u00e0 tradotta in Lis e spiegata ai non vedenti.<\/p>\n\n\n\n<p>Il primo incontro si terr\u00e0 alle 10.30, con la presentazione del libro-catalogo \u201cRicordami di te\u201d; alle 11.30, l\u2019associazione <strong>Giosef<\/strong> presenter\u00e0 il progetto \u201cIl metaverso e la realt\u00e0 aumentata: mondi nuovi possibili per educare alla bellezza\u201d.<\/p>\n\n\n\n<p>Il terzo incontro \u00e8 in programma nel pomeriggio, alle ore 17.30 con La Brigata Rosa. Marika Cirone presenter\u00e0 \u201cL\u2019isola della madri\u201d di Maria Rosa Cutrufelli.<\/p>\n\n\n\n<p><em>(foto: l\u2019Urban Center pronto ad accogliere i visitatori)<\/em><\/p>\n\n\n\n<p class=\"has-text-align-right\"><em>\u00a9 Riproduzione riservata<\/em><\/p>\n\n\n<div class=\"wp-block-image\">\n<figure class=\"aligncenter size-full\"><img loading=\"lazy\" decoding=\"async\" width=\"419\" height=\"319\" src=\"https:\/\/www.siracusa2000.com\/wp-content\/uploads\/2022\/11\/bugclassicshort.png\" alt=\"\" class=\"wp-image-74496\" srcset=\"https:\/\/www.siracusa2000.com\/wp-content\/uploads\/2022\/11\/bugclassicshort.png 419w, https:\/\/www.siracusa2000.com\/wp-content\/uploads\/2022\/11\/bugclassicshort-300x228.png 300w\" sizes=\"auto, (max-width: 419px) 100vw, 419px\" \/><\/figure><\/div>","protected":false},"excerpt":{"rendered":"<p>Si inaugura domani mattina alle 9, all\u2019Urban Center, il \u201cFestival dell\u2019educazione \u2013 sulle orme di Pino Pennisi\u201d, edizione numero 5, organizzato dal Comune attraverso Citt\u00e0 Educativa, con l\u2019obiettivo di consolidare, sin dalla tenera et\u00e0, il senso civico, il rispetto per <a href=\"https:\/\/www.siracusa2000.com\/index.php\/2022\/11\/17\/siracusa-si-alza-il-sipario-sul-festival-delleducazione-tanti-eventi-e-la-marcia-dei-bambini\/\" class=\"read-more\">Leggi Tutto &#8230;<\/a><\/p>\n","protected":false},"author":1,"featured_media":75003,"comment_status":"closed","ping_status":"closed","sticky":true,"template":"","format":"standard","meta":{"footnotes":""},"categories":[7],"tags":[],"class_list":["post-75002","post","type-post","status-publish","format-standard","has-post-thumbnail","hentry","category-citta"],"_links":{"self":[{"href":"https:\/\/www.siracusa2000.com\/index.php\/wp-json\/wp\/v2\/posts\/75002","targetHints":{"allow":["GET"]}}],"collection":[{"href":"https:\/\/www.siracusa2000.com\/index.php\/wp-json\/wp\/v2\/posts"}],"about":[{"href":"https:\/\/www.siracusa2000.com\/index.php\/wp-json\/wp\/v2\/types\/post"}],"author":[{"embeddable":true,"href":"https:\/\/www.siracusa2000.com\/index.php\/wp-json\/wp\/v2\/users\/1"}],"replies":[{"embeddable":true,"href":"https:\/\/www.siracusa2000.com\/index.php\/wp-json\/wp\/v2\/comments?post=75002"}],"version-history":[{"count":4,"href":"https:\/\/www.siracusa2000.com\/index.php\/wp-json\/wp\/v2\/posts\/75002\/revisions"}],"predecessor-version":[{"id":75007,"href":"https:\/\/www.siracusa2000.com\/index.php\/wp-json\/wp\/v2\/posts\/75002\/revisions\/75007"}],"wp:featuredmedia":[{"embeddable":true,"href":"https:\/\/www.siracusa2000.com\/index.php\/wp-json\/wp\/v2\/media\/75003"}],"wp:attachment":[{"href":"https:\/\/www.siracusa2000.com\/index.php\/wp-json\/wp\/v2\/media?parent=75002"}],"wp:term":[{"taxonomy":"category","embeddable":true,"href":"https:\/\/www.siracusa2000.com\/index.php\/wp-json\/wp\/v2\/categories?post=75002"},{"taxonomy":"post_tag","embeddable":true,"href":"https:\/\/www.siracusa2000.com\/index.php\/wp-json\/wp\/v2\/tags?post=75002"}],"curies":[{"name":"wp","href":"https:\/\/api.w.org\/{rel}","templated":true}]}}