{"id":75015,"date":"2022-11-19T07:33:00","date_gmt":"2022-11-19T06:33:00","guid":{"rendered":"https:\/\/www.siracusa2000.com\/?p=75015"},"modified":"2022-11-18T08:37:13","modified_gmt":"2022-11-18T07:37:13","slug":"fiumefreddo-di-sicilia-domani-riunione-della-consulta-diocesana-di-pastorale-giovanile","status":"publish","type":"post","link":"https:\/\/www.siracusa2000.com\/index.php\/2022\/11\/19\/fiumefreddo-di-sicilia-domani-riunione-della-consulta-diocesana-di-pastorale-giovanile\/","title":{"rendered":"Fiumefreddo di Sicilia. Domani riunione della Consulta Diocesana di Pastorale Giovanile"},"content":{"rendered":"\n<p>La <strong>Consulta Diocesana di Pastorale Giovanile s<\/strong>i riunir\u00e0 domani a<strong> Fiumefreddo di Sicilia, <\/strong>nella parrocchia\u00a0 di \u201c<strong>Maria SS. Immacolata\u201d<\/strong>, in occasione della<strong> 37.ma Giornata Mondiale della Giovent\u00f9.<\/strong><\/p>\n\n\n<div class=\"wp-block-image\">\n<figure class=\"aligncenter size-full\"><img loading=\"lazy\" decoding=\"async\" width=\"786\" height=\"425\" src=\"https:\/\/www.siracusa2000.com\/wp-content\/uploads\/2022\/11\/screenshot-108.png\" alt=\"\" class=\"wp-image-75016\" srcset=\"https:\/\/www.siracusa2000.com\/wp-content\/uploads\/2022\/11\/screenshot-108.png 786w, https:\/\/www.siracusa2000.com\/wp-content\/uploads\/2022\/11\/screenshot-108-300x162.png 300w, https:\/\/www.siracusa2000.com\/wp-content\/uploads\/2022\/11\/screenshot-108-768x415.png 768w\" sizes=\"auto, (max-width: 786px) 100vw, 786px\" \/><\/figure><\/div>\n\n\n<p>Convocata dal <strong>servizio per la pastorale Giovanile della diocesi<\/strong> ,\u00a0diretto da <strong>don Orazio Sciacca,<\/strong>in occasione della <strong>37.ma Giornata Mondiale della Giovent\u00f9, <\/strong>la riunione si aprir\u00e0 alle 10 con un momento di formazione e confronto. A seguire, la presentazione delle varie realt\u00e0 giovanili presenti nel territorio diocesano e, nel pomeriggio, alle 18, la chiusura con la celebrazione eucaristica e l&#8217;accoglienza della <strong>Croce dei Giovani.<\/strong><\/p>\n\n\n\n<p>\u201cL&#8217;occasione\u201d \u2013 commenta <strong>don Orazio Sciacca<\/strong> &#8211; \u201cci dar\u00e0 ancora una volta la possibilit\u00e0 di riscoprire le nostre esistenze e fare abitare la nostra vita da Dio\u201d L\u2019esortazione, quindi ad aprirsi nei confronti dell\u2019altro, \u201cper avere uno sguardo verso l&#8217;alto\u201d \u2013 aggiunge <strong>don Orazio Sciacca<\/strong> &#8211; \u201criconoscendo le nostre paure, fragilit\u00e0 e difficolt\u00e0 nella logica dell&#8217;amore e del dono di s\u00e9&#8221;.<\/p>\n\n\n\n<p><em>(foto: don Orazio Sciacca)<\/em><\/p>\n\n\n\n<p class=\"has-text-align-right\"><em>\u00a9 Riproduzione riservata<\/em><em><\/em><\/p>\n\n\n\n<figure class=\"wp-block-image size-full\"><img loading=\"lazy\" decoding=\"async\" width=\"1000\" height=\"220\" src=\"https:\/\/www.siracusa2000.com\/wp-content\/uploads\/2022\/10\/bug-messa-ore-18-1.png\" alt=\"\" class=\"wp-image-73329\" srcset=\"https:\/\/www.siracusa2000.com\/wp-content\/uploads\/2022\/10\/bug-messa-ore-18-1.png 1000w, https:\/\/www.siracusa2000.com\/wp-content\/uploads\/2022\/10\/bug-messa-ore-18-1-300x66.png 300w, https:\/\/www.siracusa2000.com\/wp-content\/uploads\/2022\/10\/bug-messa-ore-18-1-768x169.png 768w\" sizes=\"auto, (max-width: 1000px) 100vw, 1000px\" \/><\/figure>\n","protected":false},"excerpt":{"rendered":"<p>La Consulta Diocesana di Pastorale Giovanile si riunir\u00e0 domani a Fiumefreddo di Sicilia, nella parrocchia\u00a0 di \u201cMaria SS. Immacolata\u201d, in occasione della 37.ma Giornata Mondiale della Giovent\u00f9. Convocata dal servizio per la pastorale Giovanile della diocesi ,\u00a0diretto da don Orazio <a href=\"https:\/\/www.siracusa2000.com\/index.php\/2022\/11\/19\/fiumefreddo-di-sicilia-domani-riunione-della-consulta-diocesana-di-pastorale-giovanile\/\" class=\"read-more\">Leggi Tutto &#8230;<\/a><\/p>\n","protected":false},"author":1,"featured_media":75016,"comment_status":"closed","ping_status":"closed","sticky":true,"template":"","format":"standard","meta":{"footnotes":""},"categories":[9],"tags":[],"class_list":["post-75015","post","type-post","status-publish","format-standard","has-post-thumbnail","hentry","category-fuori-provincia"],"_links":{"self":[{"href":"https:\/\/www.siracusa2000.com\/index.php\/wp-json\/wp\/v2\/posts\/75015","targetHints":{"allow":["GET"]}}],"collection":[{"href":"https:\/\/www.siracusa2000.com\/index.php\/wp-json\/wp\/v2\/posts"}],"about":[{"href":"https:\/\/www.siracusa2000.com\/index.php\/wp-json\/wp\/v2\/types\/post"}],"author":[{"embeddable":true,"href":"https:\/\/www.siracusa2000.com\/index.php\/wp-json\/wp\/v2\/users\/1"}],"replies":[{"embeddable":true,"href":"https:\/\/www.siracusa2000.com\/index.php\/wp-json\/wp\/v2\/comments?post=75015"}],"version-history":[{"count":1,"href":"https:\/\/www.siracusa2000.com\/index.php\/wp-json\/wp\/v2\/posts\/75015\/revisions"}],"predecessor-version":[{"id":75017,"href":"https:\/\/www.siracusa2000.com\/index.php\/wp-json\/wp\/v2\/posts\/75015\/revisions\/75017"}],"wp:featuredmedia":[{"embeddable":true,"href":"https:\/\/www.siracusa2000.com\/index.php\/wp-json\/wp\/v2\/media\/75016"}],"wp:attachment":[{"href":"https:\/\/www.siracusa2000.com\/index.php\/wp-json\/wp\/v2\/media?parent=75015"}],"wp:term":[{"taxonomy":"category","embeddable":true,"href":"https:\/\/www.siracusa2000.com\/index.php\/wp-json\/wp\/v2\/categories?post=75015"},{"taxonomy":"post_tag","embeddable":true,"href":"https:\/\/www.siracusa2000.com\/index.php\/wp-json\/wp\/v2\/tags?post=75015"}],"curies":[{"name":"wp","href":"https:\/\/api.w.org\/{rel}","templated":true}]}}