{"id":75174,"date":"2022-11-23T06:13:00","date_gmt":"2022-11-23T05:13:00","guid":{"rendered":"https:\/\/www.siracusa2000.com\/?p=75174"},"modified":"2022-11-22T18:13:50","modified_gmt":"2022-11-22T17:13:50","slug":"siracusa-allospedale-umberto-i-riapre-la-stanza-rosa-domani-mattina-linaugurazione","status":"publish","type":"post","link":"https:\/\/www.siracusa2000.com\/index.php\/2022\/11\/23\/siracusa-allospedale-umberto-i-riapre-la-stanza-rosa-domani-mattina-linaugurazione\/","title":{"rendered":"Siracusa. All&#8217;ospedale &#8220;Umberto I&#8221; riapre la &#8220;Stanza Rosa&#8221;, domani mattina l&#8217;inaugurazione"},"content":{"rendered":"\n<p>E\u2019 stata annunciata per domani alle 11.30 la riapertura della \u201c<strong>Stanza Rosa<\/strong>\u201d nell\u2019area di emergenza dell\u2019<strong>ospedale \u201cUmberto I\u201d <\/strong>di <strong>via Testaferrata<\/strong> a <strong>Siracusa<\/strong>. La data per il rilancio dell\u2019importante servizio di accoglienza ed ascolto dedicato alle donne non \u00e8 casuale, perch\u00e9 venerd\u00ec si celebra la \u201c<strong>Giornata mondiale contro la violenza sulle donne\u201d.<\/strong><\/p>\n\n\n\n<figure class=\"wp-block-image size-large\"><img loading=\"lazy\" decoding=\"async\" width=\"1024\" height=\"556\" src=\"https:\/\/www.siracusa2000.com\/wp-content\/uploads\/2022\/11\/screenshot-148-1024x556.png\" alt=\"\" class=\"wp-image-75175\" srcset=\"https:\/\/www.siracusa2000.com\/wp-content\/uploads\/2022\/11\/screenshot-148-1024x556.png 1024w, https:\/\/www.siracusa2000.com\/wp-content\/uploads\/2022\/11\/screenshot-148-300x163.png 300w, https:\/\/www.siracusa2000.com\/wp-content\/uploads\/2022\/11\/screenshot-148-768x417.png 768w, https:\/\/www.siracusa2000.com\/wp-content\/uploads\/2022\/11\/screenshot-148.png 1039w\" sizes=\"auto, (max-width: 1024px) 100vw, 1024px\" \/><\/figure>\n\n\n\n<p>All\u2019inaugurazione prenderanno parte il <strong>manager dell\u2019Asp 8, Ficarra,<\/strong> con la responsabile del Coordinamento Violenza di Genere dell\u2019Azienda, Cuc\u00e8 il direttore sanitario e i direttori dei Dipartimenti e del Pronto soccorso. Saranno presenti le autorit\u00e0 cittadine.<\/p>\n\n\n\n<p>La conferenza sar\u00e0 preceduta da un flashmob, nell\u2019area antistante l\u2019ingresso dell\u2019ospedale, a cura del <strong>Centro Musical Siracusano<\/strong>. In conclusione, i familiari di alcune donne vittime di violenza porteranno le loro testimonianze.<\/p>\n\n\n\n<p>E, in occasione della \u201c<strong>Giornata mondiale contro la violenza sulle donne<\/strong>\u201d, da domani a sabato, dalle 9 alle 13, nell\u2019androne principale dell\u2019<strong>ospedale \u201cUmberto I\u201d <\/strong>saranno allestiti punti informativi interistituzionali, per fare conoscere alla popolazione gli strumenti che l\u2019ordinamento offre a sua tutela sia in termini di conoscenza dei servizi sanitari e sociali che di concreto aiuto a chi, subendo e spesso non riconoscendo la violenza sofferta, rischia di compromettere il proprio equilibrio e la propria salute.<\/p>\n\n\n\n<p><em>(foto: archivio siracusa2000)<\/em><\/p>\n\n\n\n<p class=\"has-text-align-right\"><em>\u00a9 Riproduzione riservata<\/em><\/p>\n\n\n\n<figure class=\"wp-block-image size-full\"><img loading=\"lazy\" decoding=\"async\" width=\"914\" height=\"322\" src=\"https:\/\/www.siracusa2000.com\/wp-content\/uploads\/2022\/11\/natale.png\" alt=\"\" class=\"wp-image-75133\" srcset=\"https:\/\/www.siracusa2000.com\/wp-content\/uploads\/2022\/11\/natale.png 914w, https:\/\/www.siracusa2000.com\/wp-content\/uploads\/2022\/11\/natale-300x106.png 300w, https:\/\/www.siracusa2000.com\/wp-content\/uploads\/2022\/11\/natale-768x271.png 768w\" sizes=\"auto, (max-width: 914px) 100vw, 914px\" \/><\/figure>\n","protected":false},"excerpt":{"rendered":"<p>E\u2019 stata annunciata per domani alle 11.30 la riapertura della \u201cStanza Rosa\u201d nell\u2019area di emergenza dell\u2019ospedale \u201cUmberto I\u201d di via Testaferrata a Siracusa. La data per il rilancio dell\u2019importante servizio di accoglienza ed ascolto dedicato alle donne non \u00e8 casuale, <a href=\"https:\/\/www.siracusa2000.com\/index.php\/2022\/11\/23\/siracusa-allospedale-umberto-i-riapre-la-stanza-rosa-domani-mattina-linaugurazione\/\" class=\"read-more\">Leggi Tutto &#8230;<\/a><\/p>\n","protected":false},"author":1,"featured_media":75175,"comment_status":"closed","ping_status":"closed","sticky":true,"template":"","format":"standard","meta":{"footnotes":""},"categories":[7],"tags":[],"class_list":["post-75174","post","type-post","status-publish","format-standard","has-post-thumbnail","hentry","category-citta"],"_links":{"self":[{"href":"https:\/\/www.siracusa2000.com\/index.php\/wp-json\/wp\/v2\/posts\/75174","targetHints":{"allow":["GET"]}}],"collection":[{"href":"https:\/\/www.siracusa2000.com\/index.php\/wp-json\/wp\/v2\/posts"}],"about":[{"href":"https:\/\/www.siracusa2000.com\/index.php\/wp-json\/wp\/v2\/types\/post"}],"author":[{"embeddable":true,"href":"https:\/\/www.siracusa2000.com\/index.php\/wp-json\/wp\/v2\/users\/1"}],"replies":[{"embeddable":true,"href":"https:\/\/www.siracusa2000.com\/index.php\/wp-json\/wp\/v2\/comments?post=75174"}],"version-history":[{"count":1,"href":"https:\/\/www.siracusa2000.com\/index.php\/wp-json\/wp\/v2\/posts\/75174\/revisions"}],"predecessor-version":[{"id":75176,"href":"https:\/\/www.siracusa2000.com\/index.php\/wp-json\/wp\/v2\/posts\/75174\/revisions\/75176"}],"wp:featuredmedia":[{"embeddable":true,"href":"https:\/\/www.siracusa2000.com\/index.php\/wp-json\/wp\/v2\/media\/75175"}],"wp:attachment":[{"href":"https:\/\/www.siracusa2000.com\/index.php\/wp-json\/wp\/v2\/media?parent=75174"}],"wp:term":[{"taxonomy":"category","embeddable":true,"href":"https:\/\/www.siracusa2000.com\/index.php\/wp-json\/wp\/v2\/categories?post=75174"},{"taxonomy":"post_tag","embeddable":true,"href":"https:\/\/www.siracusa2000.com\/index.php\/wp-json\/wp\/v2\/tags?post=75174"}],"curies":[{"name":"wp","href":"https:\/\/api.w.org\/{rel}","templated":true}]}}